{"id":95,"date":"2024-07-18T09:29:36","date_gmt":"2024-07-18T07:29:36","guid":{"rendered":"https:\/\/agafrank.pl\/?p=95"},"modified":"2024-08-05T18:26:02","modified_gmt":"2024-08-05T16:26:02","slug":"pod-cieniem-tajemnic","status":"publish","type":"post","link":"https:\/\/agafrank.pl\/?p=95","title":{"rendered":"Poznaj Moj\u0105 Ksi\u0105\u017ck\u0119: &#8220;Pod Cieniem Tajemnic&#8221;"},"content":{"rendered":"\n<p>Chcia\u0142abym opowiedzie\u0107 Wam dzisiaj troch\u0119 wi\u0119cej o mojej debiutanckiej powie\u015bci &#8220;Pod Cieniem Tajemnic&#8221;. Ta ksi\u0105\u017cka jest dla mnie wyj\u0105tkowa, poniewa\u017c to w\u0142a\u015bnie dzi\u0119ki niej zacz\u0119\u0142am swoj\u0105 literack\u0105 podr\u00f3\u017c. Mam nadziej\u0119, \u017ce historia Poli Hoffmann wci\u0105gnie Was tak samo, jak mnie wci\u0105gn\u0119\u0142o jej tworzenie.<\/p>\n\n\n\n<h4 class=\"wp-block-heading\">G\u0142\u00f3wne Przes\u0142anie Ksi\u0105\u017cki<\/h4>\n\n\n\n<p>&#8220;Pod Cieniem Tajemnic&#8221; ma dla mnie g\u0142\u0119bokie przes\u0142anie \u2013 zawsze warto trzyma\u0107 si\u0119 przyjaci\u00f3\u0142 i rodziny. To oni s\u0105 nasz\u0105 si\u0142\u0105 w trudnych chwilach i pomagaj\u0105 nam odnale\u017a\u0107 si\u0119 w \u017cyciu.<\/p>\n\n\n\n<h4 class=\"wp-block-heading\">G\u0142\u00f3wna Bohaterka<\/h4>\n\n\n\n<p>Poznajcie Pol\u0119 Hoffmann, moj\u0105 g\u0142\u00f3wn\u0105 bohaterk\u0119. Pola to 18-letnia dziewczyna, kt\u00f3ra na pocz\u0105tku jest zagubiona i niepewna siebie. Przeprowadzaj\u0105c si\u0119 do ma\u0142ego miasteczka, gdzie mieszka jej dziadek, Pola zaczyna nowy rozdzia\u0142 w swoim \u017cyciu. To w\u0142a\u015bnie tam zdobywa przyjaci\u00f3\u0142, uczy si\u0119 \u017cy\u0107 w spo\u0142ecze\u0144stwie i prze\u017cywa swoje pierwsze mi\u0142osne fascynacje. Pisz\u0105c o Poli, chcia\u0142am stworzy\u0107 posta\u0107, kt\u00f3ra rozwija si\u0119 na oczach czytelnik\u00f3w, pokonuj\u0105c swoje wewn\u0119trzne bariery.<\/p>\n\n\n\n<h4 class=\"wp-block-heading\">Seria Ksi\u0105\u017cek<\/h4>\n\n\n\n<p>&#8220;Pod Cieniem Tajemnic&#8221; to dopiero pocz\u0105tek! Jest to pierwszy tom serii, a ju\u017c teraz pracuj\u0119 nad drugim tomem zatytu\u0142owanym &#8220;Pod Cieniem Strachu&#8221;. Je\u015bli pokochacie histori\u0119 Poli, na pewno nie b\u0119dziecie mogli si\u0119 doczeka\u0107 kontynuacji!<\/p>\n\n\n\n<h4 class=\"wp-block-heading\">Gatunek Literacki<\/h4>\n\n\n\n<p>Moja ksi\u0105\u017cka to mieszanka r\u00f3\u017cnych gatunk\u00f3w \u2013 znajdziecie tu elementy przygodowe, m\u0142odzie\u017cowe i kryminalne. Lubi\u0119, kiedy historie s\u0105 niejednoznaczne i pe\u0142ne niespodzianek, dlatego postanowi\u0142am po\u0142\u0105czy\u0107 te gatunki, aby stworzy\u0107 co\u015b naprawd\u0119 wyj\u0105tkowego.<\/p>\n\n\n\n<h4 class=\"wp-block-heading\">G\u0142\u00f3wne Motywy i Tematy<\/h4>\n\n\n\n<p>G\u0142\u00f3wnym motywem ksi\u0105\u017cki jest rozwi\u0105zanie zagadki sprzed 60 lat, dotycz\u0105cej zagini\u0119cia dw\u00f3ch m\u0142odych dziewczyn: Karoliny i Stelli. Karolina by\u0142a siostr\u0105 dziadka Poli, co dodaje ca\u0142ej historii osobistego wymiaru. Pisz\u0105c t\u0119 ksi\u0105\u017ck\u0119, chcia\u0142am, aby tajemnica i poszukiwanie prawdy by\u0142y centralnym elementem fabu\u0142y.<\/p>\n\n\n\n<h4 class=\"wp-block-heading\">Docelowa Grupa Czytelnik\u00f3w<\/h4>\n\n\n\n<p>Ksi\u0105\u017cka jest skierowana g\u0142\u00f3wnie do kobiet w wieku 16-35 lat, kt\u00f3re lubi\u0105 historie pe\u0142ne emocji, tajemnic i przyg\u00f3d. Mam nadziej\u0119, \u017ce moja powie\u015b\u0107 trafi do serc wielu z Was.<\/p>\n\n\n\n<h4 class=\"wp-block-heading\">Kluczowe Moment<\/h4>\n\n\n\n<p>W &#8220;Pod Cieniem Tajemnic&#8221; kluczowe momenty to poszukiwanie siebie, nauka \u017cycia w grupie, dojrzewanie oraz pragnienie rozwi\u0105zania zagadki sprzed lat. Chcia\u0142am, aby te elementy by\u0142y zar\u00f3wno ekscytuj\u0105ce, jak i wzruszaj\u0105ce, by\u015bcie mogli naprawd\u0119 z\u017cy\u0107 si\u0119 z bohaterami.<\/p>\n\n\n\n<h4 class=\"wp-block-heading\">Kontrowersyjne Tematy<\/h4>\n\n\n\n<p>Ksi\u0105\u017cka porusza r\u00f3wnie\u017c temat alkoholu, kt\u00f3ry jest spo\u017cywany przez bohater\u00f3w. Chcia\u0142am, aby historia by\u0142a jak najbardziej realistyczna, a takie elementy dodaj\u0105 jej autentyczno\u015bci.<\/p>\n\n\n\n<h4 class=\"wp-block-heading\">Inspiracje i Antagonista<\/h4>\n\n\n\n<p>Cho\u0107 &#8220;Pod Cieniem Tajemnic&#8221; jest fikcj\u0105 literack\u0105, czerpa\u0142am inspiracj\u0119 z prawdziwych wydarze\u0144. W ksi\u0105\u017cce pojawia si\u0119 tak\u017ce posta\u0107 antagonistyczna \u2013 kto\u015b z niezdrow\u0105 obsesj\u0105 na punkcie Poli. Jego motywacje i rola w historii b\u0119d\u0105 rozwijane w kolejnych tomach.<\/p>\n\n\n\n<h4 class=\"wp-block-heading\">Przeszkody i Emocje<\/h4>\n\n\n\n<p>Pola, g\u0142\u00f3wna bohaterka, sama stwarza sobie wiele przeszk\u00f3d. Jej nieumiej\u0119tno\u015b\u0107 obcowania w grupie, brak kontroli po alkoholu i emocjonalne podej\u015bcie prowadz\u0105 do nieakceptowalnych spo\u0142ecznie sytuacji, a czasem nawet do ryzyka \u015bmierci. Chcia\u0142am, aby ksi\u0105\u017cka wzbudza\u0142a pozytywne emocje i anga\u017cowa\u0142a czytelnik\u00f3w w fabu\u0142\u0119, daj\u0105c jednocze\u015bnie poczucie, \u017ce takie historie mog\u0142yby przydarzy\u0107 si\u0119 ka\u017cdemu z nas.<\/p>\n\n\n\n<h4 class=\"wp-block-heading\">Pomys\u0142 na Ok\u0142adk\u0119<\/h4>\n\n\n\n<p>Mam ju\u017c pierwszy projekt ok\u0142adki, kt\u00f3ry oddaje klimat i tematyk\u0119 ksi\u0105\u017cki. Jestem bardzo podekscytowana, aby podzieli\u0107 si\u0119 nim z Wami!<\/p>\n\n\n\n<h4 class=\"wp-block-heading\">G\u0142\u00f3wne Lokacje<\/h4>\n\n\n\n<p>Akcja ksi\u0105\u017cki rozgrywa si\u0119 w ma\u0142ym miasteczku, gdzie Pola mieszka ze swoim dziadkiem. To miejsce pe\u0142ne jest tajemnic i historii, kt\u00f3re Pola odkrywa wraz z nowo poznanymi przyjaci\u00f3\u0142mi.<\/p>\n\n\n\n<h4 class=\"wp-block-heading\">Podsumowanie<\/h4>\n\n\n\n<p>&#8220;Pod Cieniem Tajemnic&#8221; to ksi\u0105\u017cka, kt\u00f3ra przeniesie Was do \u015bwiata pe\u0142nego przyg\u00f3d, tajemnic i emocji. Je\u015bli szukacie historii, kt\u00f3ra wci\u0105gnie Was od pierwszej strony, koniecznie przeczytajcie t\u0119 powie\u015b\u0107. Znajdziecie j\u0105 na Wattpadzie: <a href=\"https:\/\/www.wattpad.com\/story\/361927566-pod-cieniem-tajemnic-pola-hoffmann-tom-1%EF%B8%8F%E2%83%A3\">Pod cieniem tajemnic &#8211; Pola Hoffmann, Tom 1<\/a>.<\/p>\n","protected":false},"excerpt":{"rendered":"<p>Chcia\u0142abym opowiedzie\u0107 Wam dzisiaj troch\u0119 wi\u0119cej o mojej debiutanckiej powie\u015bci &#8220;Pod Cieniem Tajemnic&#8221;. Ta ksi\u0105\u017cka jest dla mnie wyj\u0105tkowa, poniewa\u017c to w\u0142a\u015bnie dzi\u0119ki niej zacz\u0119\u0142am swoj\u0105 literack\u0105 podr\u00f3\u017c. Mam nadziej\u0119, \u017ce historia Poli Hoffmann wci\u0105gnie Was tak samo, jak mnie wci\u0105gn\u0119\u0142o jej tworzenie. G\u0142\u00f3wne Przes\u0142anie Ksi\u0105\u017cki &#8220;Pod Cieniem Tajemnic&#8221; ma dla mnie g\u0142\u0119bokie przes\u0142anie \u2013&#8230;<\/p>\n","protected":false},"author":2,"featured_media":96,"comment_status":"open","ping_status":"open","sticky":false,"template":"","format":"standard","meta":{"footnotes":""},"categories":[26],"tags":[11,8,9,10,12,6],"class_list":["post-95","post","type-post","status-publish","format-standard","has-post-thumbnail","hentry","category-pola-hoffmann-t-1","tag-aga-frank","tag-kryminal","tag-ksiazka-przygodowa","tag-pod-cieniem-tajemnic","tag-powiesc-mlodziezowa","tag-wattpad"],"yoast_head":"<!-- This site is optimized with the Yoast SEO plugin v27.5 - https:\/\/yoast.com\/product\/yoast-seo-wordpress\/ -->\n<title>Najnowsze wpisy na blogu | Aga Frank<\/title>\n<meta name=\"description\" content=\"Odkryj &#039;Pod Cieniem Tajemnic&#039; - debiut Agi Frank. Poznaj histori\u0119 Poli pe\u0142n\u0105 przyg\u00f3d, tajemnic i emocji. Czytaj teraz na Wattpadzie!\" \/>\n<meta name=\"robots\" content=\"index, follow, max-snippet:-1, max-image-preview:large, max-video-preview:-1\" \/>\n<link rel=\"canonical\" href=\"https:\/\/agafrank.pl\/?p=95\" \/>\n<meta property=\"og:locale\" content=\"en_US\" \/>\n<meta property=\"og:type\" content=\"article\" \/>\n<meta property=\"og:title\" content=\"Najnowsze wpisy na blogu | Aga Frank\" \/>\n<meta property=\"og:description\" content=\"Odkryj &#039;Pod Cieniem Tajemnic&#039; - debiut Agi Frank. Poznaj histori\u0119 Poli pe\u0142n\u0105 przyg\u00f3d, tajemnic i emocji. Czytaj teraz na Wattpadzie!\" \/>\n<meta property=\"og:url\" content=\"https:\/\/agafrank.pl\/?p=95\" \/>\n<meta property=\"og:site_name\" content=\"Aga Frank\" \/>\n<meta property=\"article:published_time\" content=\"2024-07-18T07:29:36+00:00\" \/>\n<meta property=\"article:modified_time\" content=\"2024-08-05T16:26:02+00:00\" \/>\n<meta property=\"og:image\" content=\"https:\/\/agafrank.pl\/wp-content\/uploads\/2024\/07\/grafika.jpg\" \/>\n\t<meta property=\"og:image:width\" content=\"1772\" \/>\n\t<meta property=\"og:image:height\" content=\"1181\" \/>\n\t<meta property=\"og:image:type\" content=\"image\/jpeg\" \/>\n<meta name=\"author\" content=\"Aga\" \/>\n<meta name=\"twitter:card\" content=\"summary_large_image\" \/>\n<meta name=\"twitter:label1\" content=\"Written by\" \/>\n\t<meta name=\"twitter:data1\" content=\"Aga\" \/>\n\t<meta name=\"twitter:label2\" content=\"Est. reading time\" \/>\n\t<meta name=\"twitter:data2\" content=\"3 minutes\" \/>\n<script type=\"application\/ld+json\" class=\"yoast-schema-graph\">{\"@context\":\"https:\\\/\\\/schema.org\",\"@graph\":[{\"@type\":\"Article\",\"@id\":\"https:\\\/\\\/agafrank.pl\\\/?p=95#article\",\"isPartOf\":{\"@id\":\"https:\\\/\\\/agafrank.pl\\\/?p=95\"},\"author\":{\"name\":\"Aga\",\"@id\":\"https:\\\/\\\/agafrank.pl\\\/#\\\/schema\\\/person\\\/86f157a40daf141245423c681e2f82fc\"},\"headline\":\"Poznaj Moj\u0105 Ksi\u0105\u017ck\u0119: &#8220;Pod Cieniem Tajemnic&#8221;\",\"datePublished\":\"2024-07-18T07:29:36+00:00\",\"dateModified\":\"2024-08-05T16:26:02+00:00\",\"mainEntityOfPage\":{\"@id\":\"https:\\\/\\\/agafrank.pl\\\/?p=95\"},\"wordCount\":672,\"commentCount\":6,\"publisher\":{\"@id\":\"https:\\\/\\\/agafrank.pl\\\/#\\\/schema\\\/person\\\/86f157a40daf141245423c681e2f82fc\"},\"image\":{\"@id\":\"https:\\\/\\\/agafrank.pl\\\/?p=95#primaryimage\"},\"thumbnailUrl\":\"https:\\\/\\\/agafrank.pl\\\/wp-content\\\/uploads\\\/2024\\\/07\\\/grafika.jpg\",\"keywords\":[\"Aga Frank\",\"krymina\u0142\",\"ksi\u0105\u017cka przygodowa\",\"Pod cieniem tajemnic\",\"powie\u015b\u0107 m\u0142odzie\u017cowa\",\"wattpad\"],\"articleSection\":[\"Pod cieniem tajemnic\"],\"inLanguage\":\"en-US\",\"potentialAction\":[{\"@type\":\"CommentAction\",\"name\":\"Comment\",\"target\":[\"https:\\\/\\\/agafrank.pl\\\/?p=95#respond\"]}]},{\"@type\":\"WebPage\",\"@id\":\"https:\\\/\\\/agafrank.pl\\\/?p=95\",\"url\":\"https:\\\/\\\/agafrank.pl\\\/?p=95\",\"name\":\"Najnowsze wpisy na blogu | Aga Frank\",\"isPartOf\":{\"@id\":\"https:\\\/\\\/agafrank.pl\\\/#website\"},\"primaryImageOfPage\":{\"@id\":\"https:\\\/\\\/agafrank.pl\\\/?p=95#primaryimage\"},\"image\":{\"@id\":\"https:\\\/\\\/agafrank.pl\\\/?p=95#primaryimage\"},\"thumbnailUrl\":\"https:\\\/\\\/agafrank.pl\\\/wp-content\\\/uploads\\\/2024\\\/07\\\/grafika.jpg\",\"datePublished\":\"2024-07-18T07:29:36+00:00\",\"dateModified\":\"2024-08-05T16:26:02+00:00\",\"description\":\"Odkryj 'Pod Cieniem Tajemnic' - debiut Agi Frank. Poznaj histori\u0119 Poli pe\u0142n\u0105 przyg\u00f3d, tajemnic i emocji. Czytaj teraz na Wattpadzie!\",\"breadcrumb\":{\"@id\":\"https:\\\/\\\/agafrank.pl\\\/?p=95#breadcrumb\"},\"inLanguage\":\"en-US\",\"potentialAction\":[{\"@type\":\"ReadAction\",\"target\":[\"https:\\\/\\\/agafrank.pl\\\/?p=95\"]}]},{\"@type\":\"ImageObject\",\"inLanguage\":\"en-US\",\"@id\":\"https:\\\/\\\/agafrank.pl\\\/?p=95#primaryimage\",\"url\":\"https:\\\/\\\/agafrank.pl\\\/wp-content\\\/uploads\\\/2024\\\/07\\\/grafika.jpg\",\"contentUrl\":\"https:\\\/\\\/agafrank.pl\\\/wp-content\\\/uploads\\\/2024\\\/07\\\/grafika.jpg\",\"width\":1772,\"height\":1181,\"caption\":\"Ok\u0142adka ksi\u0105\u017cki 'Pod cieniem tajemnic' autorstwa Agi Frank\"},{\"@type\":\"BreadcrumbList\",\"@id\":\"https:\\\/\\\/agafrank.pl\\\/?p=95#breadcrumb\",\"itemListElement\":[{\"@type\":\"ListItem\",\"position\":1,\"name\":\"Home\",\"item\":\"https:\\\/\\\/agafrank.pl\\\/\"},{\"@type\":\"ListItem\",\"position\":2,\"name\":\"Poznaj Moj\u0105 Ksi\u0105\u017ck\u0119: &#8222;Pod Cieniem Tajemnic&#8221;\"}]},{\"@type\":\"WebSite\",\"@id\":\"https:\\\/\\\/agafrank.pl\\\/#website\",\"url\":\"https:\\\/\\\/agafrank.pl\\\/\",\"name\":\"Aga Frank\",\"description\":\"Pisz\u0119, bo lubi\u0119...\",\"publisher\":{\"@id\":\"https:\\\/\\\/agafrank.pl\\\/#\\\/schema\\\/person\\\/86f157a40daf141245423c681e2f82fc\"},\"potentialAction\":[{\"@type\":\"SearchAction\",\"target\":{\"@type\":\"EntryPoint\",\"urlTemplate\":\"https:\\\/\\\/agafrank.pl\\\/?s={search_term_string}\"},\"query-input\":{\"@type\":\"PropertyValueSpecification\",\"valueRequired\":true,\"valueName\":\"search_term_string\"}}],\"inLanguage\":\"en-US\"},{\"@type\":[\"Person\",\"Organization\"],\"@id\":\"https:\\\/\\\/agafrank.pl\\\/#\\\/schema\\\/person\\\/86f157a40daf141245423c681e2f82fc\",\"name\":\"Aga\",\"image\":{\"@type\":\"ImageObject\",\"inLanguage\":\"en-US\",\"@id\":\"https:\\\/\\\/agafrank.pl\\\/wp-content\\\/uploads\\\/2024\\\/08\\\/grafika6.jpg\",\"url\":\"https:\\\/\\\/agafrank.pl\\\/wp-content\\\/uploads\\\/2024\\\/08\\\/grafika6.jpg\",\"contentUrl\":\"https:\\\/\\\/agafrank.pl\\\/wp-content\\\/uploads\\\/2024\\\/08\\\/grafika6.jpg\",\"width\":1772,\"height\":1181,\"caption\":\"Aga\"},\"logo\":{\"@id\":\"https:\\\/\\\/agafrank.pl\\\/wp-content\\\/uploads\\\/2024\\\/08\\\/grafika6.jpg\"},\"sameAs\":[\"http:\\\/\\\/agafrank.pl\",\"www.instagram.com\\\/agafrank\"],\"url\":\"https:\\\/\\\/agafrank.pl\\\/?author=2\"}]}<\/script>\n<!-- \/ Yoast SEO plugin. -->","yoast_head_json":{"title":"Najnowsze wpisy na blogu | Aga Frank","description":"Odkryj 'Pod Cieniem Tajemnic' - debiut Agi Frank. Poznaj histori\u0119 Poli pe\u0142n\u0105 przyg\u00f3d, tajemnic i emocji. Czytaj teraz na Wattpadzie!","robots":{"index":"index","follow":"follow","max-snippet":"max-snippet:-1","max-image-preview":"max-image-preview:large","max-video-preview":"max-video-preview:-1"},"canonical":"https:\/\/agafrank.pl\/?p=95","og_locale":"en_US","og_type":"article","og_title":"Najnowsze wpisy na blogu | Aga Frank","og_description":"Odkryj 'Pod Cieniem Tajemnic' - debiut Agi Frank. Poznaj histori\u0119 Poli pe\u0142n\u0105 przyg\u00f3d, tajemnic i emocji. Czytaj teraz na Wattpadzie!","og_url":"https:\/\/agafrank.pl\/?p=95","og_site_name":"Aga Frank","article_published_time":"2024-07-18T07:29:36+00:00","article_modified_time":"2024-08-05T16:26:02+00:00","og_image":[{"width":1772,"height":1181,"url":"https:\/\/agafrank.pl\/wp-content\/uploads\/2024\/07\/grafika.jpg","type":"image\/jpeg"}],"author":"Aga","twitter_card":"summary_large_image","twitter_misc":{"Written by":"Aga","Est. reading time":"3 minutes"},"schema":{"@context":"https:\/\/schema.org","@graph":[{"@type":"Article","@id":"https:\/\/agafrank.pl\/?p=95#article","isPartOf":{"@id":"https:\/\/agafrank.pl\/?p=95"},"author":{"name":"Aga","@id":"https:\/\/agafrank.pl\/#\/schema\/person\/86f157a40daf141245423c681e2f82fc"},"headline":"Poznaj Moj\u0105 Ksi\u0105\u017ck\u0119: &#8220;Pod Cieniem Tajemnic&#8221;","datePublished":"2024-07-18T07:29:36+00:00","dateModified":"2024-08-05T16:26:02+00:00","mainEntityOfPage":{"@id":"https:\/\/agafrank.pl\/?p=95"},"wordCount":672,"commentCount":6,"publisher":{"@id":"https:\/\/agafrank.pl\/#\/schema\/person\/86f157a40daf141245423c681e2f82fc"},"image":{"@id":"https:\/\/agafrank.pl\/?p=95#primaryimage"},"thumbnailUrl":"https:\/\/agafrank.pl\/wp-content\/uploads\/2024\/07\/grafika.jpg","keywords":["Aga Frank","krymina\u0142","ksi\u0105\u017cka przygodowa","Pod cieniem tajemnic","powie\u015b\u0107 m\u0142odzie\u017cowa","wattpad"],"articleSection":["Pod cieniem tajemnic"],"inLanguage":"en-US","potentialAction":[{"@type":"CommentAction","name":"Comment","target":["https:\/\/agafrank.pl\/?p=95#respond"]}]},{"@type":"WebPage","@id":"https:\/\/agafrank.pl\/?p=95","url":"https:\/\/agafrank.pl\/?p=95","name":"Najnowsze wpisy na blogu | Aga Frank","isPartOf":{"@id":"https:\/\/agafrank.pl\/#website"},"primaryImageOfPage":{"@id":"https:\/\/agafrank.pl\/?p=95#primaryimage"},"image":{"@id":"https:\/\/agafrank.pl\/?p=95#primaryimage"},"thumbnailUrl":"https:\/\/agafrank.pl\/wp-content\/uploads\/2024\/07\/grafika.jpg","datePublished":"2024-07-18T07:29:36+00:00","dateModified":"2024-08-05T16:26:02+00:00","description":"Odkryj 'Pod Cieniem Tajemnic' - debiut Agi Frank. Poznaj histori\u0119 Poli pe\u0142n\u0105 przyg\u00f3d, tajemnic i emocji. Czytaj teraz na Wattpadzie!","breadcrumb":{"@id":"https:\/\/agafrank.pl\/?p=95#breadcrumb"},"inLanguage":"en-US","potentialAction":[{"@type":"ReadAction","target":["https:\/\/agafrank.pl\/?p=95"]}]},{"@type":"ImageObject","inLanguage":"en-US","@id":"https:\/\/agafrank.pl\/?p=95#primaryimage","url":"https:\/\/agafrank.pl\/wp-content\/uploads\/2024\/07\/grafika.jpg","contentUrl":"https:\/\/agafrank.pl\/wp-content\/uploads\/2024\/07\/grafika.jpg","width":1772,"height":1181,"caption":"Ok\u0142adka ksi\u0105\u017cki 'Pod cieniem tajemnic' autorstwa Agi Frank"},{"@type":"BreadcrumbList","@id":"https:\/\/agafrank.pl\/?p=95#breadcrumb","itemListElement":[{"@type":"ListItem","position":1,"name":"Home","item":"https:\/\/agafrank.pl\/"},{"@type":"ListItem","position":2,"name":"Poznaj Moj\u0105 Ksi\u0105\u017ck\u0119: &#8222;Pod Cieniem Tajemnic&#8221;"}]},{"@type":"WebSite","@id":"https:\/\/agafrank.pl\/#website","url":"https:\/\/agafrank.pl\/","name":"Aga Frank","description":"Pisz\u0119, bo lubi\u0119...","publisher":{"@id":"https:\/\/agafrank.pl\/#\/schema\/person\/86f157a40daf141245423c681e2f82fc"},"potentialAction":[{"@type":"SearchAction","target":{"@type":"EntryPoint","urlTemplate":"https:\/\/agafrank.pl\/?s={search_term_string}"},"query-input":{"@type":"PropertyValueSpecification","valueRequired":true,"valueName":"search_term_string"}}],"inLanguage":"en-US"},{"@type":["Person","Organization"],"@id":"https:\/\/agafrank.pl\/#\/schema\/person\/86f157a40daf141245423c681e2f82fc","name":"Aga","image":{"@type":"ImageObject","inLanguage":"en-US","@id":"https:\/\/agafrank.pl\/wp-content\/uploads\/2024\/08\/grafika6.jpg","url":"https:\/\/agafrank.pl\/wp-content\/uploads\/2024\/08\/grafika6.jpg","contentUrl":"https:\/\/agafrank.pl\/wp-content\/uploads\/2024\/08\/grafika6.jpg","width":1772,"height":1181,"caption":"Aga"},"logo":{"@id":"https:\/\/agafrank.pl\/wp-content\/uploads\/2024\/08\/grafika6.jpg"},"sameAs":["http:\/\/agafrank.pl","www.instagram.com\/agafrank"],"url":"https:\/\/agafrank.pl\/?author=2"}]}},"_links":{"self":[{"href":"https:\/\/agafrank.pl\/index.php?rest_route=\/wp\/v2\/posts\/95","targetHints":{"allow":["GET"]}}],"collection":[{"href":"https:\/\/agafrank.pl\/index.php?rest_route=\/wp\/v2\/posts"}],"about":[{"href":"https:\/\/agafrank.pl\/index.php?rest_route=\/wp\/v2\/types\/post"}],"author":[{"embeddable":true,"href":"https:\/\/agafrank.pl\/index.php?rest_route=\/wp\/v2\/users\/2"}],"replies":[{"embeddable":true,"href":"https:\/\/agafrank.pl\/index.php?rest_route=%2Fwp%2Fv2%2Fcomments&post=95"}],"version-history":[{"count":1,"href":"https:\/\/agafrank.pl\/index.php?rest_route=\/wp\/v2\/posts\/95\/revisions"}],"predecessor-version":[{"id":98,"href":"https:\/\/agafrank.pl\/index.php?rest_route=\/wp\/v2\/posts\/95\/revisions\/98"}],"wp:featuredmedia":[{"embeddable":true,"href":"https:\/\/agafrank.pl\/index.php?rest_route=\/wp\/v2\/media\/96"}],"wp:attachment":[{"href":"https:\/\/agafrank.pl\/index.php?rest_route=%2Fwp%2Fv2%2Fmedia&parent=95"}],"wp:term":[{"taxonomy":"category","embeddable":true,"href":"https:\/\/agafrank.pl\/index.php?rest_route=%2Fwp%2Fv2%2Fcategories&post=95"},{"taxonomy":"post_tag","embeddable":true,"href":"https:\/\/agafrank.pl\/index.php?rest_route=%2Fwp%2Fv2%2Ftags&post=95"}],"curies":[{"name":"wp","href":"https:\/\/api.w.org\/{rel}","templated":true}]}}