{"id":426,"date":"2026-02-18T12:55:11","date_gmt":"2026-02-18T11:55:11","guid":{"rendered":"https:\/\/agafrank.pl\/?p=426"},"modified":"2026-02-18T12:55:13","modified_gmt":"2026-02-18T11:55:13","slug":"inspiracje-pisarskie","status":"publish","type":"post","link":"https:\/\/agafrank.pl\/?p=426","title":{"rendered":"Z czego czerpi\u0119 inspiracje? Czyli dlaczego w mojej g\u0142owie nigdy nie ma ciszy"},"content":{"rendered":"\n<p>Nie jestem jedn\u0105 z tych os\u00f3b, kt\u00f3re siadaj\u0105 do biurka i m\u00f3wi\u0105: <em>\u201eDobrze, dzi\u015b wymy\u015bl\u0119 histori\u0119.\u201d<\/em><br>U mnie to dzia\u0142a dok\u0142adnie odwrotnie. To historie wymy\u015blaj\u0105 mnie.<\/p>\n\n\n\n<p>Czasami pojawiaj\u0105 si\u0119 jak b\u0142ysk \u2013 w p\u00f3\u0142 zdania, w p\u00f3\u0142 snu, w p\u00f3\u0142 spojrzenia rzuconego w stron\u0119 obcej osoby w tramwaju. A czasami\u2026 jak Darcy wskakuj\u0105cy do stawu w \u201eDumie i uprzedzeniu\u201d BBC \u2013 zostaj\u0105 w cz\u0142owieku na zawsze, jako obraz, emocja i co\u015b, czego nie da si\u0119 ju\u017c odzobaczy\u0107.<\/p>\n\n\n\n<p>I w\u0142a\u015bnie wtedy zaczyna si\u0119 proces, kt\u00f3ry znam najlepiej: mielenie. Natr\u0119tne. Ciche. Nieuniknione.<br>Tak rodz\u0105 si\u0119 moje <strong>inspiracje pisarskie<\/strong>.<\/p>\n\n\n\n<hr class=\"wp-block-separator has-alpha-channel-opacity\"\/>\n\n\n\n<h3 class=\"wp-block-heading\">Inspiracje pisarskie nie przychodz\u0105 wtedy, kiedy je zapraszam<\/h3>\n\n\n\n<p>To chyba najbardziej przewrotna prawda o pisaniu: inspiracja nie pyta o pozwolenie.<br>Nie czeka, a\u017c b\u0119d\u0119 mie\u0107 wolny weekend, czyst\u0105 g\u0142ow\u0119 i herbat\u0119 w kubku.<\/p>\n\n\n\n<p>Pojawia si\u0119 spontanicznie. Czasami we \u015bnie. Czasami w my\u015bli, kt\u00f3ra wydaje si\u0119 zupe\u0142nie przypadkowa. Innym razem w obrazie, kt\u00f3ry nagle zaczyna si\u0119 rozrasta\u0107 \u2013 jakby kto\u015b wrzuci\u0142 do g\u0142owy ziarenko, a ono w sekund\u0119 zmieni\u0142o si\u0119 w g\u0119sty las.<\/p>\n\n\n\n<p>Najcz\u0119\u015bciej wygl\u0105da to tak: pojawia si\u0119 przeb\u0142ysk. Potem kolejny. I kolejny. A\u017c nagle orientuj\u0119 si\u0119, \u017ce w mojej g\u0142owie istnieje ju\u017c ca\u0142a historia. Kompletny \u015bwiat. Bohaterowie. Emocje. W\u0105tki. Konflikty. Wszystko.<\/p>\n\n\n\n<p>I wtedy zostaje ju\u017c tylko jedno: spisa\u0107.<\/p>\n\n\n\n<p>Brzmi \u0142atwo?<br>Nie jest.<\/p>\n\n\n\n<p>Bo kiedy historia si\u0119 pojawia, ona nie chce grzecznie czeka\u0107. Ona chce \u017cy\u0107.<\/p>\n\n\n\n<h3 class=\"wp-block-heading\">Bohaterowie potrafi\u0105 nie da\u0107 spa\u0107 \u2013 i wtedy wiem, \u017ce to ju\u017c powa\u017cne<\/h3>\n\n\n\n<p>S\u0105 takie opowie\u015bci, kt\u00f3re przychodz\u0105 na chwil\u0119. Jak zachcianka. Jak kaprys.<br>A s\u0105 te\u017c takie, kt\u00f3re robi\u0105 co\u015b znacznie gorszego.<\/p>\n\n\n\n<p>Zaczynaj\u0105 m\u00f3wi\u0107 do cz\u0142owieka tak intensywnie, \u017ce przestajesz mie\u0107 wyb\u00f3r.<\/p>\n\n\n\n<p>Tak w\u0142a\u015bnie by\u0142o z moj\u0105 ksi\u0105\u017ck\u0105 <strong>\u201ePod cieniem tajemnic\u201d<\/strong>. Bohaterowie tak bardzo chcieli \u017cy\u0107, \u017ce opowiada\u0142am o nich wszystkim, jakby byli prawdziwi. Jakby siedzieli obok mnie w kuchni. Jakby mieli swoje \u017cycie, problemy, sekrety i plany.<\/p>\n\n\n\n<p>W pewnym momencie moja mama zacz\u0119\u0142a traktowa\u0107 Pol\u0119\u2026 jak moj\u0105 c\u00f3rk\u0119.<br>To by\u0142o dziwnie wzruszaj\u0105ce. I pi\u0119kne. I troch\u0119 bolesne, bo dzi\u015b \u017ca\u0142uj\u0119, \u017ce nie zd\u0105\u017cy\u0142am zdradzi\u0107 jej wszystkich zako\u0144cze\u0144, kt\u00f3re nosz\u0119 w sobie. Naprawd\u0119 liczy\u0142am, \u017ce zd\u0105\u017cy to przeczyta\u0107.<\/p>\n\n\n\n<p>Je\u015bli chcesz zobaczy\u0107, jak zacz\u0119\u0142a si\u0119 ta historia, mo\u017cesz zajrze\u0107 <a href=\"https:\/\/www.wattpad.com\/story\/361927566-pod-cieniem-tajemnic-pola-hoffmann-tom-1%EF%B8%8F%E2%83%A3\" type=\"link\" id=\"https:\/\/www.wattpad.com\/story\/361927566-pod-cieniem-tajemnic-pola-hoffmann-tom-1%EF%B8%8F%E2%83%A3\">tutaj<\/a><\/p>\n\n\n\n<p>To jedna z tych opowie\u015bci, kt\u00f3re nie powsta\u0142y z planu. One powsta\u0142y z przymusu.<\/p>\n\n\n\n<p>I w\u0142a\u015bnie dlatego moje <strong>inspiracje pisarskie<\/strong> s\u0105 tak mocne \u2013 bo nie s\u0105 do ko\u0144ca moje.<br>One po prostu przysz\u0142y.<\/p>\n\n\n\n<hr class=\"wp-block-separator has-alpha-channel-opacity\"\/>\n\n\n\n<h3 class=\"wp-block-heading\">\u017bycie daje impuls, ale wyobra\u017ania robi z niego ca\u0142\u0105 histori\u0119<\/h3>\n\n\n\n<p>Zawsze powtarzam, \u017ce inspiruje mnie \u017cycie. I nadal si\u0119 tego trzymam.<br>Tylko \u017ce\u2026 trudno mi wskaza\u0107 jeden konkretny moment, jedn\u0105 sytuacj\u0119, jeden dzie\u0144, kiedy \u201eto\u201d si\u0119 zaczyna.<\/p>\n\n\n\n<p>Bo \u017cycie dzia\u0142a na mnie jak zapalnik.<\/p>\n\n\n\n<p>Czasem jest to rozmowa. Czasem cudze spojrzenie. Czasem gest. Czasem czyja\u015b twarz.<br>A czasem prawdziwa sprawa kryminalna, nierozwi\u0105zana, dziwna, niedopowiedziana \u2013 taka, kt\u00f3ra zostaje w g\u0142owie i nie chce z niej wyj\u015b\u0107.<\/p>\n\n\n\n<p>To nie jest tak, \u017ce przepisuj\u0119 rzeczywisto\u015b\u0107.<br>Rzeczywisto\u015b\u0107 daje mi tylko pierwszy impuls.<\/p>\n\n\n\n<p>A potem wyobra\u017ania bierze to w swoje r\u0119ce i robi z tego co\u015b znacznie wi\u0119kszego: emocje, dramat, mrok, tajemnic\u0119, a czasami\u2026 ca\u0142\u0105 ksi\u0105\u017ck\u0119.<\/p>\n\n\n\n<p>To jest m\u00f3j ulubiony moment. Ten, w kt\u00f3rym historia zaczyna si\u0119 rozwija\u0107 sama.<\/p>\n\n\n\n<p>I to w\u0142a\u015bnie tam, w tym przej\u015bciu mi\u0119dzy prawd\u0105 a fikcj\u0105, rodz\u0105 si\u0119 najlepsze <strong>inspiracje pisarskie<\/strong>.<\/p>\n\n\n\n<hr class=\"wp-block-separator has-alpha-channel-opacity\"\/>\n\n\n\n<h3 class=\"wp-block-heading\">\u015al\u0105sk, sentyment i powroty \u2013 moje prywatne kopalnie inspiracji<\/h3>\n\n\n\n<p>\u015al\u0105sk jest dla mnie jak studnia, z kt\u00f3rej mo\u017cna czerpa\u0107 bez ko\u0144ca.<br>Mam wra\u017cenie, \u017ce mog\u0142abym pisa\u0107 i pisa\u0107 historie tylko z tamtych ulic, podw\u00f3rek i wspomnie\u0144.<\/p>\n\n\n\n<p>To miejsce ma w sobie klimat, kt\u00f3ry dzia\u0142a na wyobra\u017ani\u0119.<br>Mo\u017ce dlatego, \u017ce wszystko jest tam bardziej surowe. Bardziej prawdziwe. Bardziej \u201ez ziemi\u201d.<br>A jednocze\u015bnie pe\u0142ne symboliki, opowie\u015bci, rodzinnych tajemnic, specyficznego humoru i emocji, kt\u00f3re nie zawsze wypowiada si\u0119 na g\u0142os.<\/p>\n\n\n\n<p>Jestem sentymentalna. I nie mam zamiaru si\u0119 tego wypiera\u0107.<\/p>\n\n\n\n<p>Lubi\u0119 wraca\u0107 do miejsc z mojego \u017cycia \u2013 nawet je\u015bli ju\u017c ich nie ma.<br>Lubi\u0119 przywraca\u0107 je na kartach powie\u015bci, bo w ksi\u0105\u017ckach mo\u017cna zrobi\u0107 co\u015b, czego nie da si\u0119 zrobi\u0107 w rzeczywisto\u015bci: zatrzyma\u0107 czas.<\/p>\n\n\n\n<p>To dzia\u0142a jak osobista podr\u00f3\u017c. Nie terapeutyczna. Po prostu\u2026 prawdziwa.<\/p>\n\n\n\n<hr class=\"wp-block-separator has-alpha-channel-opacity\"\/>\n\n\n\n<h3 class=\"wp-block-heading\">Muzyka, klimat i sceny, kt\u00f3re rodz\u0105 si\u0119 pod jeden utw\u00f3r<\/h3>\n\n\n\n<p>Nie potrafi\u0119 pisa\u0107 w ciszy.<\/p>\n\n\n\n<p>Ba.<br>Nie potrafi\u0119 si\u0119 nawet skupi\u0107 bez muzyki.<\/p>\n\n\n\n<p>Muzyka mnie nakr\u0119ca, prowadzi, buduje napi\u0119cie, wprowadza w emocje. Czasami pod konkretny utw\u00f3r powstaje ca\u0142a scena \u2013 gotowa, intensywna, kompletna. Jakby kto\u015b j\u0105 wy\u015bwietli\u0142 w mojej g\u0142owie.<\/p>\n\n\n\n<p>Uwielbiam moment, kiedy muzyka nie jest tylko t\u0142em, ale staje si\u0119 cz\u0119\u015bci\u0105 historii.<br>Niekt\u00f3re sceny powstaj\u0105 w\u0142a\u015bnie dlatego, \u017ce pojawi\u0142 si\u0119 klimat.<\/p>\n\n\n\n<p>Tak jak w \u201eDumie i uprzedzeniu\u201d.<br>Jedna dobrze zagrana scena. Jeden obraz. Jedno wej\u015bcie bohatera. Jedna muzyka.<\/p>\n\n\n\n<p>I nagle cz\u0142owiek nosi to w sobie latami.<\/p>\n\n\n\n<p>To jest magia.<br>I to te\u017c s\u0105 moje <strong>inspiracje pisarskie<\/strong>.<\/p>\n\n\n\n<h2 class=\"wp-block-heading\">Mrok, prawda i tematy, kt\u00f3re wracaj\u0105 mimochodem<\/h2>\n\n\n\n<p>Nie ukrywam: kocham mrok.<\/p>\n\n\n\n<p>Kocham historie, kt\u00f3re maj\u0105 w sobie brutalno\u015b\u0107 ludzkiej natury, niepok\u00f3j, niewygodne pytania, tajemnice, kt\u00f3re rozk\u0142adaj\u0105 cz\u0142owieka od \u015brodka.<br>Uwielbiam, gdy opowie\u015b\u0107 nie jest grzeczna. Gdy nie daje czytelnikowi komfortu. Gdy co\u015b w nim porusza.<\/p>\n\n\n\n<p>Ale jednocze\u015bnie\u2026 zaczynam zauwa\u017ca\u0107 co\u015b, co mnie troch\u0119 niepokoi.<\/p>\n\n\n\n<p>Temat choroby onkologicznej. Leczenia. walki. bezsilno\u015bci.<\/p>\n\n\n\n<p>Moja mama leczy\u0142a si\u0119. I nagle u\u015bwiadomi\u0142am sobie, \u017ce zacz\u0119\u0142am podszywa\u0107 swoje historie tym w\u0105tkiem, nawet je\u015bli nie planowa\u0142am. On pojawia si\u0119 pobocznie. Niewinnie. Jak cie\u0144.<\/p>\n\n\n\n<p>I to jest chyba najbardziej fascynuj\u0105ce w inspiracji:<br>czasami ona nie przychodzi jako pomys\u0142.<br>Ona przychodzi jako co\u015b, co w cz\u0142owieku siedzi i czeka.<\/p>\n\n\n\n<p>Nie zawsze to kontroluj\u0119.<br>Czasami po prostu pisz\u0119\u2026 a potem orientuj\u0119 si\u0119, co tak naprawd\u0119 opowiedzia\u0142am.<\/p>\n\n\n\n<h2 class=\"wp-block-heading\">Inspiracje pisarskie przychodz\u0105 do mnie w snach \u2013 i to one s\u0105 pocz\u0105tkiem wszystkiego<\/h2>\n\n\n\n<p>Je\u015bli mia\u0142abym powiedzie\u0107 jedno zdanie, kt\u00f3re podsumowuje ca\u0142y m\u00f3j proces tw\u00f3rczy, to by\u0142oby w\u0142a\u015bnie to:<\/p>\n\n\n\n<p><strong>Inspiruj\u0105 mnie sny.<\/strong><\/p>\n\n\n\n<p>Czasami przynosz\u0105 obrazy tak intensywne, \u017ce rano jeszcze czuj\u0119 ich smak.<br>Czasami budz\u0119 si\u0119 z gotow\u0105 scen\u0105.<br>A czasami budz\u0119 si\u0119 z uczuciem, kt\u00f3rego nie potrafi\u0119 nazwa\u0107 \u2013 ale wiem, \u017ce musz\u0119 je zapisa\u0107, bo inaczej zniknie.<\/p>\n\n\n\n<p>I to jest chyba najpi\u0119kniejsze w pisaniu.<\/p>\n\n\n\n<p>\u017be historia mo\u017ce przyj\u015b\u0107 znik\u0105d.<br>Z ciemno\u015bci. Z wyobra\u017ani. Z pod\u015bwiadomo\u015bci.<\/p>\n\n\n\n<p>I nagle cz\u0142owiek wie, \u017ce musi j\u0105 opowiedzie\u0107.<br>Nie dlatego, \u017ce chce.<br>Tylko dlatego, \u017ce inaczej si\u0119 nie da.<\/p>\n\n\n\n<p><\/p>\n\n\n\n<p>Je\u015bli mia\u0142abym podsumowa\u0107, czym s\u0105 dla mnie <strong>inspiracje pisarskie<\/strong>, powiedzia\u0142abym tak:<\/p>\n\n\n\n<p>To nie s\u0105 pomys\u0142y.<br>To s\u0105 \u015bwiaty, kt\u00f3re domagaj\u0105 si\u0119 istnienia.<\/p>\n\n\n\n<p>A ja\u2026 po prostu daj\u0119 im miejsce.<\/p>\n\n\n\n<hr class=\"wp-block-separator has-alpha-channel-opacity\"\/>\n\n\n\n<p><strong>Je\u015bli ciekawi Ci\u0119, jak wygl\u0105da\u0142by m\u00f3j idealny tw\u00f3rczy rytua\u0142 i dzie\u0144, w kt\u00f3rym mog\u0142abym pisa\u0107 bez przerw, chaosu i wyrzut\u00f3w sumienia, to opisa\u0142am to <a href=\"https:\/\/agafrank.pl\/?p=282\" type=\"link\" id=\"https:\/\/agafrank.pl\/?p=282\">tutaj<\/a><\/strong><\/p>\n\n\n\n<p><\/p>\n","protected":false},"excerpt":{"rendered":"<p>Nie jestem jedn\u0105 z tych os\u00f3b, kt\u00f3re siadaj\u0105 do biurka i m\u00f3wi\u0105: \u201eDobrze, dzi\u015b wymy\u015bl\u0119 histori\u0119.\u201dU mnie to dzia\u0142a dok\u0142adnie odwrotnie. To historie wymy\u015blaj\u0105 mnie. Czasami pojawiaj\u0105 si\u0119 jak b\u0142ysk \u2013 w p\u00f3\u0142 zdania, w p\u00f3\u0142 snu, w p\u00f3\u0142 spojrzenia rzuconego w stron\u0119 obcej osoby w tramwaju. A czasami\u2026 jak Darcy wskakuj\u0105cy do stawu w&#8230;<\/p>\n","protected":false},"author":2,"featured_media":427,"comment_status":"open","ping_status":"open","sticky":false,"template":"","format":"standard","meta":{"footnotes":""},"categories":[27],"tags":[11,7,10,6],"class_list":["post-426","post","type-post","status-publish","format-standard","has-post-thumbnail","hentry","category-moje-pisanie","tag-aga-frank","tag-pisanie","tag-pod-cieniem-tajemnic","tag-wattpad"],"yoast_head":"<!-- This site is optimized with the Yoast SEO plugin v27.5 - https:\/\/yoast.com\/product\/yoast-seo-wordpress\/ -->\n<title>Inspiracje pisarskie \u2013 sk\u0105d bior\u0119 pomys\u0142y na historie i bohater\u00f3w?<\/title>\n<meta name=\"description\" content=\"Inspiracje pisarskie przychodz\u0105 z \u017cycia, sn\u00f3w, muzyki i prawdziwych historii. Sprawd\u017a, sk\u0105d bior\u0119 pomys\u0142y na moje opowie\u015bci.\" \/>\n<meta name=\"robots\" content=\"index, follow, max-snippet:-1, max-image-preview:large, max-video-preview:-1\" \/>\n<link rel=\"canonical\" href=\"https:\/\/agafrank.pl\/?p=426\" \/>\n<meta property=\"og:locale\" content=\"en_US\" \/>\n<meta property=\"og:type\" content=\"article\" \/>\n<meta property=\"og:title\" content=\"Inspiracje pisarskie \u2013 sk\u0105d bior\u0119 pomys\u0142y na historie i bohater\u00f3w?\" \/>\n<meta property=\"og:description\" content=\"Inspiracje pisarskie przychodz\u0105 z \u017cycia, sn\u00f3w, muzyki i prawdziwych historii. Sprawd\u017a, sk\u0105d bior\u0119 pomys\u0142y na moje opowie\u015bci.\" \/>\n<meta property=\"og:url\" content=\"https:\/\/agafrank.pl\/?p=426\" \/>\n<meta property=\"og:site_name\" content=\"Aga Frank\" \/>\n<meta property=\"article:published_time\" content=\"2026-02-18T11:55:11+00:00\" \/>\n<meta property=\"article:modified_time\" content=\"2026-02-18T11:55:13+00:00\" \/>\n<meta property=\"og:image\" content=\"https:\/\/agafrank.pl\/wp-content\/uploads\/2026\/02\/grafika77.jpg\" \/>\n\t<meta property=\"og:image:width\" content=\"1772\" \/>\n\t<meta property=\"og:image:height\" content=\"1181\" \/>\n\t<meta property=\"og:image:type\" content=\"image\/jpeg\" \/>\n<meta name=\"author\" content=\"Aga\" \/>\n<meta name=\"twitter:card\" content=\"summary_large_image\" \/>\n<meta name=\"twitter:label1\" content=\"Written by\" \/>\n\t<meta name=\"twitter:data1\" content=\"Aga\" \/>\n\t<meta name=\"twitter:label2\" content=\"Est. reading time\" \/>\n\t<meta name=\"twitter:data2\" content=\"5 minutes\" \/>\n<script type=\"application\/ld+json\" class=\"yoast-schema-graph\">{\"@context\":\"https:\\\/\\\/schema.org\",\"@graph\":[{\"@type\":\"Article\",\"@id\":\"https:\\\/\\\/agafrank.pl\\\/?p=426#article\",\"isPartOf\":{\"@id\":\"https:\\\/\\\/agafrank.pl\\\/?p=426\"},\"author\":{\"name\":\"Aga\",\"@id\":\"https:\\\/\\\/agafrank.pl\\\/#\\\/schema\\\/person\\\/86f157a40daf141245423c681e2f82fc\"},\"headline\":\"Z czego czerpi\u0119 inspiracje? Czyli dlaczego w mojej g\u0142owie nigdy nie ma ciszy\",\"datePublished\":\"2026-02-18T11:55:11+00:00\",\"dateModified\":\"2026-02-18T11:55:13+00:00\",\"mainEntityOfPage\":{\"@id\":\"https:\\\/\\\/agafrank.pl\\\/?p=426\"},\"wordCount\":1223,\"commentCount\":1,\"publisher\":{\"@id\":\"https:\\\/\\\/agafrank.pl\\\/#\\\/schema\\\/person\\\/86f157a40daf141245423c681e2f82fc\"},\"image\":{\"@id\":\"https:\\\/\\\/agafrank.pl\\\/?p=426#primaryimage\"},\"thumbnailUrl\":\"https:\\\/\\\/agafrank.pl\\\/wp-content\\\/uploads\\\/2026\\\/02\\\/grafika77.jpg\",\"keywords\":[\"Aga Frank\",\"pisanie\",\"Pod cieniem tajemnic\",\"wattpad\"],\"articleSection\":[\"O moim pisaniu\"],\"inLanguage\":\"en-US\",\"potentialAction\":[{\"@type\":\"CommentAction\",\"name\":\"Comment\",\"target\":[\"https:\\\/\\\/agafrank.pl\\\/?p=426#respond\"]}]},{\"@type\":\"WebPage\",\"@id\":\"https:\\\/\\\/agafrank.pl\\\/?p=426\",\"url\":\"https:\\\/\\\/agafrank.pl\\\/?p=426\",\"name\":\"Inspiracje pisarskie \u2013 sk\u0105d bior\u0119 pomys\u0142y na historie i bohater\u00f3w?\",\"isPartOf\":{\"@id\":\"https:\\\/\\\/agafrank.pl\\\/#website\"},\"primaryImageOfPage\":{\"@id\":\"https:\\\/\\\/agafrank.pl\\\/?p=426#primaryimage\"},\"image\":{\"@id\":\"https:\\\/\\\/agafrank.pl\\\/?p=426#primaryimage\"},\"thumbnailUrl\":\"https:\\\/\\\/agafrank.pl\\\/wp-content\\\/uploads\\\/2026\\\/02\\\/grafika77.jpg\",\"datePublished\":\"2026-02-18T11:55:11+00:00\",\"dateModified\":\"2026-02-18T11:55:13+00:00\",\"description\":\"Inspiracje pisarskie przychodz\u0105 z \u017cycia, sn\u00f3w, muzyki i prawdziwych historii. Sprawd\u017a, sk\u0105d bior\u0119 pomys\u0142y na moje opowie\u015bci.\",\"breadcrumb\":{\"@id\":\"https:\\\/\\\/agafrank.pl\\\/?p=426#breadcrumb\"},\"inLanguage\":\"en-US\",\"potentialAction\":[{\"@type\":\"ReadAction\",\"target\":[\"https:\\\/\\\/agafrank.pl\\\/?p=426\"]}]},{\"@type\":\"ImageObject\",\"inLanguage\":\"en-US\",\"@id\":\"https:\\\/\\\/agafrank.pl\\\/?p=426#primaryimage\",\"url\":\"https:\\\/\\\/agafrank.pl\\\/wp-content\\\/uploads\\\/2026\\\/02\\\/grafika77.jpg\",\"contentUrl\":\"https:\\\/\\\/agafrank.pl\\\/wp-content\\\/uploads\\\/2026\\\/02\\\/grafika77.jpg\",\"width\":1772,\"height\":1181,\"caption\":\"Inspiracje pisarskie \u2013 notes, o\u0142\u00f3wek i \u017car\u00f3wka jako symbol pomys\u0142\u00f3w na pisanie\"},{\"@type\":\"BreadcrumbList\",\"@id\":\"https:\\\/\\\/agafrank.pl\\\/?p=426#breadcrumb\",\"itemListElement\":[{\"@type\":\"ListItem\",\"position\":1,\"name\":\"Home\",\"item\":\"https:\\\/\\\/agafrank.pl\\\/\"},{\"@type\":\"ListItem\",\"position\":2,\"name\":\"Z czego czerpi\u0119 inspiracje? Czyli dlaczego w mojej g\u0142owie nigdy nie ma ciszy\"}]},{\"@type\":\"WebSite\",\"@id\":\"https:\\\/\\\/agafrank.pl\\\/#website\",\"url\":\"https:\\\/\\\/agafrank.pl\\\/\",\"name\":\"Aga Frank\",\"description\":\"Pisz\u0119, bo lubi\u0119...\",\"publisher\":{\"@id\":\"https:\\\/\\\/agafrank.pl\\\/#\\\/schema\\\/person\\\/86f157a40daf141245423c681e2f82fc\"},\"potentialAction\":[{\"@type\":\"SearchAction\",\"target\":{\"@type\":\"EntryPoint\",\"urlTemplate\":\"https:\\\/\\\/agafrank.pl\\\/?s={search_term_string}\"},\"query-input\":{\"@type\":\"PropertyValueSpecification\",\"valueRequired\":true,\"valueName\":\"search_term_string\"}}],\"inLanguage\":\"en-US\"},{\"@type\":[\"Person\",\"Organization\"],\"@id\":\"https:\\\/\\\/agafrank.pl\\\/#\\\/schema\\\/person\\\/86f157a40daf141245423c681e2f82fc\",\"name\":\"Aga\",\"image\":{\"@type\":\"ImageObject\",\"inLanguage\":\"en-US\",\"@id\":\"https:\\\/\\\/agafrank.pl\\\/wp-content\\\/uploads\\\/2024\\\/08\\\/grafika6.jpg\",\"url\":\"https:\\\/\\\/agafrank.pl\\\/wp-content\\\/uploads\\\/2024\\\/08\\\/grafika6.jpg\",\"contentUrl\":\"https:\\\/\\\/agafrank.pl\\\/wp-content\\\/uploads\\\/2024\\\/08\\\/grafika6.jpg\",\"width\":1772,\"height\":1181,\"caption\":\"Aga\"},\"logo\":{\"@id\":\"https:\\\/\\\/agafrank.pl\\\/wp-content\\\/uploads\\\/2024\\\/08\\\/grafika6.jpg\"},\"sameAs\":[\"http:\\\/\\\/agafrank.pl\",\"www.instagram.com\\\/agafrank\"],\"url\":\"https:\\\/\\\/agafrank.pl\\\/?author=2\"}]}<\/script>\n<!-- \/ Yoast SEO plugin. -->","yoast_head_json":{"title":"Inspiracje pisarskie \u2013 sk\u0105d bior\u0119 pomys\u0142y na historie i bohater\u00f3w?","description":"Inspiracje pisarskie przychodz\u0105 z \u017cycia, sn\u00f3w, muzyki i prawdziwych historii. Sprawd\u017a, sk\u0105d bior\u0119 pomys\u0142y na moje opowie\u015bci.","robots":{"index":"index","follow":"follow","max-snippet":"max-snippet:-1","max-image-preview":"max-image-preview:large","max-video-preview":"max-video-preview:-1"},"canonical":"https:\/\/agafrank.pl\/?p=426","og_locale":"en_US","og_type":"article","og_title":"Inspiracje pisarskie \u2013 sk\u0105d bior\u0119 pomys\u0142y na historie i bohater\u00f3w?","og_description":"Inspiracje pisarskie przychodz\u0105 z \u017cycia, sn\u00f3w, muzyki i prawdziwych historii. Sprawd\u017a, sk\u0105d bior\u0119 pomys\u0142y na moje opowie\u015bci.","og_url":"https:\/\/agafrank.pl\/?p=426","og_site_name":"Aga Frank","article_published_time":"2026-02-18T11:55:11+00:00","article_modified_time":"2026-02-18T11:55:13+00:00","og_image":[{"width":1772,"height":1181,"url":"https:\/\/agafrank.pl\/wp-content\/uploads\/2026\/02\/grafika77.jpg","type":"image\/jpeg"}],"author":"Aga","twitter_card":"summary_large_image","twitter_misc":{"Written by":"Aga","Est. reading time":"5 minutes"},"schema":{"@context":"https:\/\/schema.org","@graph":[{"@type":"Article","@id":"https:\/\/agafrank.pl\/?p=426#article","isPartOf":{"@id":"https:\/\/agafrank.pl\/?p=426"},"author":{"name":"Aga","@id":"https:\/\/agafrank.pl\/#\/schema\/person\/86f157a40daf141245423c681e2f82fc"},"headline":"Z czego czerpi\u0119 inspiracje? Czyli dlaczego w mojej g\u0142owie nigdy nie ma ciszy","datePublished":"2026-02-18T11:55:11+00:00","dateModified":"2026-02-18T11:55:13+00:00","mainEntityOfPage":{"@id":"https:\/\/agafrank.pl\/?p=426"},"wordCount":1223,"commentCount":1,"publisher":{"@id":"https:\/\/agafrank.pl\/#\/schema\/person\/86f157a40daf141245423c681e2f82fc"},"image":{"@id":"https:\/\/agafrank.pl\/?p=426#primaryimage"},"thumbnailUrl":"https:\/\/agafrank.pl\/wp-content\/uploads\/2026\/02\/grafika77.jpg","keywords":["Aga Frank","pisanie","Pod cieniem tajemnic","wattpad"],"articleSection":["O moim pisaniu"],"inLanguage":"en-US","potentialAction":[{"@type":"CommentAction","name":"Comment","target":["https:\/\/agafrank.pl\/?p=426#respond"]}]},{"@type":"WebPage","@id":"https:\/\/agafrank.pl\/?p=426","url":"https:\/\/agafrank.pl\/?p=426","name":"Inspiracje pisarskie \u2013 sk\u0105d bior\u0119 pomys\u0142y na historie i bohater\u00f3w?","isPartOf":{"@id":"https:\/\/agafrank.pl\/#website"},"primaryImageOfPage":{"@id":"https:\/\/agafrank.pl\/?p=426#primaryimage"},"image":{"@id":"https:\/\/agafrank.pl\/?p=426#primaryimage"},"thumbnailUrl":"https:\/\/agafrank.pl\/wp-content\/uploads\/2026\/02\/grafika77.jpg","datePublished":"2026-02-18T11:55:11+00:00","dateModified":"2026-02-18T11:55:13+00:00","description":"Inspiracje pisarskie przychodz\u0105 z \u017cycia, sn\u00f3w, muzyki i prawdziwych historii. Sprawd\u017a, sk\u0105d bior\u0119 pomys\u0142y na moje opowie\u015bci.","breadcrumb":{"@id":"https:\/\/agafrank.pl\/?p=426#breadcrumb"},"inLanguage":"en-US","potentialAction":[{"@type":"ReadAction","target":["https:\/\/agafrank.pl\/?p=426"]}]},{"@type":"ImageObject","inLanguage":"en-US","@id":"https:\/\/agafrank.pl\/?p=426#primaryimage","url":"https:\/\/agafrank.pl\/wp-content\/uploads\/2026\/02\/grafika77.jpg","contentUrl":"https:\/\/agafrank.pl\/wp-content\/uploads\/2026\/02\/grafika77.jpg","width":1772,"height":1181,"caption":"Inspiracje pisarskie \u2013 notes, o\u0142\u00f3wek i \u017car\u00f3wka jako symbol pomys\u0142\u00f3w na pisanie"},{"@type":"BreadcrumbList","@id":"https:\/\/agafrank.pl\/?p=426#breadcrumb","itemListElement":[{"@type":"ListItem","position":1,"name":"Home","item":"https:\/\/agafrank.pl\/"},{"@type":"ListItem","position":2,"name":"Z czego czerpi\u0119 inspiracje? Czyli dlaczego w mojej g\u0142owie nigdy nie ma ciszy"}]},{"@type":"WebSite","@id":"https:\/\/agafrank.pl\/#website","url":"https:\/\/agafrank.pl\/","name":"Aga Frank","description":"Pisz\u0119, bo lubi\u0119...","publisher":{"@id":"https:\/\/agafrank.pl\/#\/schema\/person\/86f157a40daf141245423c681e2f82fc"},"potentialAction":[{"@type":"SearchAction","target":{"@type":"EntryPoint","urlTemplate":"https:\/\/agafrank.pl\/?s={search_term_string}"},"query-input":{"@type":"PropertyValueSpecification","valueRequired":true,"valueName":"search_term_string"}}],"inLanguage":"en-US"},{"@type":["Person","Organization"],"@id":"https:\/\/agafrank.pl\/#\/schema\/person\/86f157a40daf141245423c681e2f82fc","name":"Aga","image":{"@type":"ImageObject","inLanguage":"en-US","@id":"https:\/\/agafrank.pl\/wp-content\/uploads\/2024\/08\/grafika6.jpg","url":"https:\/\/agafrank.pl\/wp-content\/uploads\/2024\/08\/grafika6.jpg","contentUrl":"https:\/\/agafrank.pl\/wp-content\/uploads\/2024\/08\/grafika6.jpg","width":1772,"height":1181,"caption":"Aga"},"logo":{"@id":"https:\/\/agafrank.pl\/wp-content\/uploads\/2024\/08\/grafika6.jpg"},"sameAs":["http:\/\/agafrank.pl","www.instagram.com\/agafrank"],"url":"https:\/\/agafrank.pl\/?author=2"}]}},"_links":{"self":[{"href":"https:\/\/agafrank.pl\/index.php?rest_route=\/wp\/v2\/posts\/426","targetHints":{"allow":["GET"]}}],"collection":[{"href":"https:\/\/agafrank.pl\/index.php?rest_route=\/wp\/v2\/posts"}],"about":[{"href":"https:\/\/agafrank.pl\/index.php?rest_route=\/wp\/v2\/types\/post"}],"author":[{"embeddable":true,"href":"https:\/\/agafrank.pl\/index.php?rest_route=\/wp\/v2\/users\/2"}],"replies":[{"embeddable":true,"href":"https:\/\/agafrank.pl\/index.php?rest_route=%2Fwp%2Fv2%2Fcomments&post=426"}],"version-history":[{"count":1,"href":"https:\/\/agafrank.pl\/index.php?rest_route=\/wp\/v2\/posts\/426\/revisions"}],"predecessor-version":[{"id":428,"href":"https:\/\/agafrank.pl\/index.php?rest_route=\/wp\/v2\/posts\/426\/revisions\/428"}],"wp:featuredmedia":[{"embeddable":true,"href":"https:\/\/agafrank.pl\/index.php?rest_route=\/wp\/v2\/media\/427"}],"wp:attachment":[{"href":"https:\/\/agafrank.pl\/index.php?rest_route=%2Fwp%2Fv2%2Fmedia&parent=426"}],"wp:term":[{"taxonomy":"category","embeddable":true,"href":"https:\/\/agafrank.pl\/index.php?rest_route=%2Fwp%2Fv2%2Fcategories&post=426"},{"taxonomy":"post_tag","embeddable":true,"href":"https:\/\/agafrank.pl\/index.php?rest_route=%2Fwp%2Fv2%2Ftags&post=426"}],"curies":[{"name":"wp","href":"https:\/\/api.w.org\/{rel}","templated":true}]}}