{"id":318,"date":"2025-05-19T10:16:52","date_gmt":"2025-05-19T08:16:52","guid":{"rendered":"https:\/\/agafrank.pl\/?p=318"},"modified":"2025-05-19T10:16:53","modified_gmt":"2025-05-19T08:16:53","slug":"wartosci-w-zyciu","status":"publish","type":"post","link":"https:\/\/agafrank.pl\/?p=318","title":{"rendered":"Najwa\u017cniejsze warto\u015bci, kt\u00f3rymi kieruj\u0119 si\u0119 w \u017cyciu"},"content":{"rendered":"\n<p>Warto\u015bci w \u017cyciu to co\u015b wi\u0119cej ni\u017c tylko s\u0142owa \u2013 to drogowskazy, kt\u00f3re prowadz\u0105 nas w ciszy, gdy \u015bwiat krzyczy. Czasem pojawiaj\u0105 si\u0119 w dzieci\u0144stwie, czasem dojrzewamy do nich z wiekiem. U mnie to by\u0142 miks obu dr\u00f3g. Pewne rzeczy czu\u0142am od zawsze, inne musia\u0142am prze\u017cy\u0107, by zrozumie\u0107.<\/p>\n\n\n\n<hr class=\"wp-block-separator has-alpha-channel-opacity\"\/>\n\n\n\n<h3 class=\"wp-block-heading\">Sprawiedliwo\u015b\u0107 \u2013 najstarsza z moich warto\u015bci<\/h3>\n\n\n\n<p>By\u0107 mo\u017ce to rola starszej siostry, a mo\u017ce po prostu wewn\u0119trzna potrzeba r\u00f3wnowagi \u2013 ale <strong>sprawiedliwo\u015b\u0107<\/strong> by\u0142a ze mn\u0105 od dziecka. Zawsze by\u0142am wyczulona na niesprawiedliwo\u015b\u0107 wobec siebie i innych. Kiedy\u015b walczy\u0142am o ni\u0105 z zaci\u015bni\u0119tymi pi\u0119\u015bciami, dzi\u015b robi\u0119 to z argumentami i spokojem. Bo sprawiedliwo\u015b\u0107 nie potrzebuje krzyku, wystarczy, \u017ce jest prawdziwa.<\/p>\n\n\n\n<p>To w\u0142a\u015bnie ta warto\u015b\u0107 pomaga mi podejmowa\u0107 najtrudniejsze decyzje. I cho\u0107 nie zawsze si\u0119 z ni\u0105 zgadzaj\u0105 inni \u2013 ja wiem, \u017ce to ona mnie prowadzi.<\/p>\n\n\n\n<hr class=\"wp-block-separator has-alpha-channel-opacity\"\/>\n\n\n\n<h3 class=\"wp-block-heading\">Dobro \u2013 nie si\u0142a, ale moc<\/h3>\n\n\n\n<p>Nie trzeba by\u0107 g\u0142o\u015bnym, by czyni\u0107 dobro. Nie trzeba by\u0107 wielkim, by mie\u0107 wp\u0142yw. Dobro jest jak \u015bwiat\u0142o \u2013 nie narzuca si\u0119, ale wszystko roz\u015bwietla. Staram si\u0119 je nie\u015b\u0107 wsz\u0119dzie, gdzie jestem. I cho\u0107 czasem si\u0119 gubi\u0119, dobro zawsze mnie odnajduje.<\/p>\n\n\n\n<p>Szerzenie dobra to co\u015b, co robi\u0119 \u015bwiadomie \u2013 w codziennych rozmowach, w tym, co tworz\u0119, i w tym, co wybieram. Mo\u017ce to dlatego mam tak\u0105 potrzeb\u0119 spotykania ludzi dobrych, m\u0105drych, \u015bwiat\u0142ych \u2013 takich, kt\u00f3rzy nie zamykaj\u0105 si\u0119 w schematach i nie boj\u0105 si\u0119 inno\u015bci.<\/p>\n\n\n\n<hr class=\"wp-block-separator has-alpha-channel-opacity\"\/>\n\n\n\n<h3 class=\"wp-block-heading\">Najbli\u017csi \u2013 warto\u015b\u0107, kt\u00f3r\u0105 trzeba by\u0142o zrozumie\u0107<\/h3>\n\n\n\n<p>Nie zawsze rodzina by\u0142a dla mnie najwa\u017cniejsza. W m\u0142odo\u015bci bardziej ufa\u0142am przyjacio\u0142om. Rodzina wydawa\u0142a si\u0119 odleg\u0142a, pe\u0142na oczekiwa\u0144, kt\u00f3rych nie umia\u0142am spe\u0142ni\u0107. Dzi\u015b wiem, \u017ce <strong>rodzina to \u017ar\u00f3d\u0142o \u017cycia<\/strong>, nawet je\u015bli czasem boli.<\/p>\n\n\n\n<p>Dojrzewa\u0142am do tej warto\u015bci. Potrzebowa\u0142am czasu, \u017ceby zrozumie\u0107, \u017ce nie chodzi o to, by rodzina by\u0142a idealna. Chodzi o to, \u017ce jest. I \u017ce to wystarczy. Teraz wiem, \u017ce jej si\u0142a jest niezale\u017cna od tego, co zewn\u0119trzne.<\/p>\n\n\n\n<hr class=\"wp-block-separator has-alpha-channel-opacity\"\/>\n\n\n\n<h3 class=\"wp-block-heading\">Czy zawsze \u0142atwo \u017cy\u0107 zgodnie z warto\u015bciami?<\/h3>\n\n\n\n<p>Nie. To bywa trudne. Ale ja nauczy\u0142am si\u0119 jednego \u2013 <strong>\u017cy\u0107 w zgodzie ze sob\u0105<\/strong>. I cho\u0107 moje &#8220;twarde&#8221; warto\u015bci nieraz dominuj\u0105 nad tymi mi\u0119kkimi, nie s\u0105 dla mnie ci\u0119\u017carem. One mnie chroni\u0105. Prowadz\u0105. Porz\u0105dkuj\u0105 m\u00f3j \u015bwiat.<\/p>\n\n\n\n<p>W pracy szukam ludzi, kt\u00f3rzy podzielaj\u0105 m\u00f3j etos \u2013 pracowito\u015b\u0107, zaanga\u017cowanie, sumienno\u015b\u0107. W relacjach prywatnych \u2013 dobro i otwarto\u015b\u0107. Nie mam potrzeby zmieniania innych, ale mam prawo wybiera\u0107 tych, przy kt\u00f3rych nie musz\u0119 si\u0119 t\u0142umaczy\u0107 z tego, kim jestem.<\/p>\n\n\n\n<hr class=\"wp-block-separator has-alpha-channel-opacity\"\/>\n\n\n\n<h3 class=\"wp-block-heading\">Warto\u015bci w \u017cyciu a tw\u00f3rczo\u015b\u0107<\/h3>\n\n\n\n<p>Nie tworz\u0119 autobiografii. Moi bohaterowie nie s\u0105 mn\u0105. A jednak to, w co wierz\u0119, przecieka przez s\u0142owa. Mo\u017cna to czasem wyczu\u0107 mi\u0119dzy wersami. Moje warto\u015bci s\u0105 obecne w fabule, cho\u0107 niekoniecznie w postaciach.<\/p>\n\n\n\n<p>Pisanie to m\u00f3j \u015bwiat. To m\u00f3j wyb\u00f3r. To moja przestrze\u0144 wolno\u015bci. I mo\u017ce w\u0142a\u015bnie dlatego to taki dobry zaw\u00f3d dla introwertyczki.<\/p>\n\n\n\n<p>Zobacz, co pisz\u0119: <a href=\"https:\/\/www.wattpad.com\/user\/burana25\">M\u00f3j profil na Wattpadzie<\/a><\/p>\n\n\n\n<hr class=\"wp-block-separator has-alpha-channel-opacity\"\/>\n\n\n\n<h3 class=\"wp-block-heading\">Poniedzia\u0142kowe przypomnienie o tym, co wa\u017cne<\/h3>\n\n\n\n<p>Dzi\u015b poniedzia\u0142ek \u2013 idealny dzie\u0144, by przypomnie\u0107 sobie, <strong>co naprawd\u0119 si\u0119 liczy<\/strong>. I cho\u0107 nie ka\u017cdy lubi ten dzie\u0144 tygodnia, ja widz\u0119 w nim pocz\u0105tek. Mo\u017cliwo\u015b\u0107. Zajrzyj do wpisu: <a href=\"https:\/\/agafrank.pl\/?p=149\">Dlaczego lubi\u0119 poniedzia\u0142ki?<\/a><\/p>\n\n\n\n<hr class=\"wp-block-separator has-alpha-channel-opacity\"\/>\n\n\n\n<h3 class=\"wp-block-heading\">Na koniec \u2013 jedno s\u0142owo<\/h3>\n\n\n\n<p>Gdybym mog\u0142a zostawi\u0107 po sobie tylko jedno przes\u0142anie, jedno s\u0142owo, kt\u00f3re ma moc zmiany \u015bwiata, by\u0142oby to <strong>DOBRO<\/strong>. Ono nie potrzebuje definicji. Dobro si\u0119 czuje. Dobro si\u0119 wybiera. Dobro si\u0119 niesie \u2013 cicho, ale wytrwale.<\/p>\n\n\n\n<p>I to w\u0142a\u015bnie wybieram.<\/p>\n\n\n\n<p><\/p>\n","protected":false},"excerpt":{"rendered":"<p>Warto\u015bci w \u017cyciu to co\u015b wi\u0119cej ni\u017c tylko s\u0142owa \u2013 to drogowskazy, kt\u00f3re prowadz\u0105 nas w ciszy, gdy \u015bwiat krzyczy. Czasem pojawiaj\u0105 si\u0119 w dzieci\u0144stwie, czasem dojrzewamy do nich z wiekiem. U mnie to by\u0142 miks obu dr\u00f3g. Pewne rzeczy czu\u0142am od zawsze, inne musia\u0142am prze\u017cy\u0107, by zrozumie\u0107. Sprawiedliwo\u015b\u0107 \u2013 najstarsza z moich warto\u015bci By\u0107&#8230;<\/p>\n","protected":false},"author":2,"featured_media":319,"comment_status":"open","ping_status":"open","sticky":false,"template":"","format":"standard","meta":{"footnotes":""},"categories":[54,44],"tags":[11,88,43,95,6],"class_list":["post-318","post","type-post","status-publish","format-standard","has-post-thumbnail","hentry","category-luzne-przemyslenia","category-o-mnie","tag-aga-frank","tag-o-mnie","tag-poniedzialki","tag-wartosci","tag-wattpad"],"yoast_head":"<!-- This site is optimized with the Yoast SEO plugin v27.5 - https:\/\/yoast.com\/product\/yoast-seo-wordpress\/ -->\n<title>Warto\u015bci w \u017cyciu \u2013 co naprawd\u0119 si\u0119 liczy?<\/title>\n<meta name=\"description\" content=\"Poznaj najwa\u017cniejsze warto\u015bci w moim \u017cyciu \u2013 sprawiedliwo\u015b\u0107, dobro i rodzin\u0119. Przeczytaj osobisty wpis o tym, co naprawd\u0119 si\u0119 liczy.\" \/>\n<meta name=\"robots\" content=\"index, follow, max-snippet:-1, max-image-preview:large, max-video-preview:-1\" \/>\n<link rel=\"canonical\" href=\"https:\/\/agafrank.pl\/?p=318\" \/>\n<meta property=\"og:locale\" content=\"en_US\" \/>\n<meta property=\"og:type\" content=\"article\" \/>\n<meta property=\"og:title\" content=\"Warto\u015bci w \u017cyciu \u2013 co naprawd\u0119 si\u0119 liczy?\" \/>\n<meta property=\"og:description\" content=\"Poznaj najwa\u017cniejsze warto\u015bci w moim \u017cyciu \u2013 sprawiedliwo\u015b\u0107, dobro i rodzin\u0119. Przeczytaj osobisty wpis o tym, co naprawd\u0119 si\u0119 liczy.\" \/>\n<meta property=\"og:url\" content=\"https:\/\/agafrank.pl\/?p=318\" \/>\n<meta property=\"og:site_name\" content=\"Aga Frank\" \/>\n<meta property=\"article:published_time\" content=\"2025-05-19T08:16:52+00:00\" \/>\n<meta property=\"article:modified_time\" content=\"2025-05-19T08:16:53+00:00\" \/>\n<meta property=\"og:image\" content=\"https:\/\/agafrank.pl\/wp-content\/uploads\/2025\/05\/grafika54.jpg\" \/>\n\t<meta property=\"og:image:width\" content=\"1772\" \/>\n\t<meta property=\"og:image:height\" content=\"1181\" \/>\n\t<meta property=\"og:image:type\" content=\"image\/jpeg\" \/>\n<meta name=\"author\" content=\"Aga\" \/>\n<meta name=\"twitter:card\" content=\"summary_large_image\" \/>\n<meta name=\"twitter:label1\" content=\"Written by\" \/>\n\t<meta name=\"twitter:data1\" content=\"Aga\" \/>\n\t<meta name=\"twitter:label2\" content=\"Est. reading time\" \/>\n\t<meta name=\"twitter:data2\" content=\"3 minutes\" \/>\n<script type=\"application\/ld+json\" class=\"yoast-schema-graph\">{\"@context\":\"https:\\\/\\\/schema.org\",\"@graph\":[{\"@type\":\"Article\",\"@id\":\"https:\\\/\\\/agafrank.pl\\\/?p=318#article\",\"isPartOf\":{\"@id\":\"https:\\\/\\\/agafrank.pl\\\/?p=318\"},\"author\":{\"name\":\"Aga\",\"@id\":\"https:\\\/\\\/agafrank.pl\\\/#\\\/schema\\\/person\\\/86f157a40daf141245423c681e2f82fc\"},\"headline\":\"Najwa\u017cniejsze warto\u015bci, kt\u00f3rymi kieruj\u0119 si\u0119 w \u017cyciu\",\"datePublished\":\"2025-05-19T08:16:52+00:00\",\"dateModified\":\"2025-05-19T08:16:53+00:00\",\"mainEntityOfPage\":{\"@id\":\"https:\\\/\\\/agafrank.pl\\\/?p=318\"},\"wordCount\":628,\"commentCount\":0,\"publisher\":{\"@id\":\"https:\\\/\\\/agafrank.pl\\\/#\\\/schema\\\/person\\\/86f157a40daf141245423c681e2f82fc\"},\"image\":{\"@id\":\"https:\\\/\\\/agafrank.pl\\\/?p=318#primaryimage\"},\"thumbnailUrl\":\"https:\\\/\\\/agafrank.pl\\\/wp-content\\\/uploads\\\/2025\\\/05\\\/grafika54.jpg\",\"keywords\":[\"Aga Frank\",\"o mnie\",\"poniedzia\u0142ki\",\"warto\u015bci\",\"wattpad\"],\"articleSection\":[\"Lu\u017ane przemy\u015blenia\",\"O mnie - Aga Frank\"],\"inLanguage\":\"en-US\",\"potentialAction\":[{\"@type\":\"CommentAction\",\"name\":\"Comment\",\"target\":[\"https:\\\/\\\/agafrank.pl\\\/?p=318#respond\"]}]},{\"@type\":\"WebPage\",\"@id\":\"https:\\\/\\\/agafrank.pl\\\/?p=318\",\"url\":\"https:\\\/\\\/agafrank.pl\\\/?p=318\",\"name\":\"Warto\u015bci w \u017cyciu \u2013 co naprawd\u0119 si\u0119 liczy?\",\"isPartOf\":{\"@id\":\"https:\\\/\\\/agafrank.pl\\\/#website\"},\"primaryImageOfPage\":{\"@id\":\"https:\\\/\\\/agafrank.pl\\\/?p=318#primaryimage\"},\"image\":{\"@id\":\"https:\\\/\\\/agafrank.pl\\\/?p=318#primaryimage\"},\"thumbnailUrl\":\"https:\\\/\\\/agafrank.pl\\\/wp-content\\\/uploads\\\/2025\\\/05\\\/grafika54.jpg\",\"datePublished\":\"2025-05-19T08:16:52+00:00\",\"dateModified\":\"2025-05-19T08:16:53+00:00\",\"description\":\"Poznaj najwa\u017cniejsze warto\u015bci w moim \u017cyciu \u2013 sprawiedliwo\u015b\u0107, dobro i rodzin\u0119. Przeczytaj osobisty wpis o tym, co naprawd\u0119 si\u0119 liczy.\",\"breadcrumb\":{\"@id\":\"https:\\\/\\\/agafrank.pl\\\/?p=318#breadcrumb\"},\"inLanguage\":\"en-US\",\"potentialAction\":[{\"@type\":\"ReadAction\",\"target\":[\"https:\\\/\\\/agafrank.pl\\\/?p=318\"]}]},{\"@type\":\"ImageObject\",\"inLanguage\":\"en-US\",\"@id\":\"https:\\\/\\\/agafrank.pl\\\/?p=318#primaryimage\",\"url\":\"https:\\\/\\\/agafrank.pl\\\/wp-content\\\/uploads\\\/2025\\\/05\\\/grafika54.jpg\",\"contentUrl\":\"https:\\\/\\\/agafrank.pl\\\/wp-content\\\/uploads\\\/2025\\\/05\\\/grafika54.jpg\",\"width\":1772,\"height\":1181,\"caption\":\"Warto\u015bci w \u017cyciu \u2013 kobieta z psem pod nocnym niebem jako symbol codziennego trwania przy tym, co wa\u017cne\"},{\"@type\":\"BreadcrumbList\",\"@id\":\"https:\\\/\\\/agafrank.pl\\\/?p=318#breadcrumb\",\"itemListElement\":[{\"@type\":\"ListItem\",\"position\":1,\"name\":\"Home\",\"item\":\"https:\\\/\\\/agafrank.pl\\\/\"},{\"@type\":\"ListItem\",\"position\":2,\"name\":\"Najwa\u017cniejsze warto\u015bci, kt\u00f3rymi kieruj\u0119 si\u0119 w \u017cyciu\"}]},{\"@type\":\"WebSite\",\"@id\":\"https:\\\/\\\/agafrank.pl\\\/#website\",\"url\":\"https:\\\/\\\/agafrank.pl\\\/\",\"name\":\"Aga Frank\",\"description\":\"Pisz\u0119, bo lubi\u0119...\",\"publisher\":{\"@id\":\"https:\\\/\\\/agafrank.pl\\\/#\\\/schema\\\/person\\\/86f157a40daf141245423c681e2f82fc\"},\"potentialAction\":[{\"@type\":\"SearchAction\",\"target\":{\"@type\":\"EntryPoint\",\"urlTemplate\":\"https:\\\/\\\/agafrank.pl\\\/?s={search_term_string}\"},\"query-input\":{\"@type\":\"PropertyValueSpecification\",\"valueRequired\":true,\"valueName\":\"search_term_string\"}}],\"inLanguage\":\"en-US\"},{\"@type\":[\"Person\",\"Organization\"],\"@id\":\"https:\\\/\\\/agafrank.pl\\\/#\\\/schema\\\/person\\\/86f157a40daf141245423c681e2f82fc\",\"name\":\"Aga\",\"image\":{\"@type\":\"ImageObject\",\"inLanguage\":\"en-US\",\"@id\":\"https:\\\/\\\/agafrank.pl\\\/wp-content\\\/uploads\\\/2024\\\/08\\\/grafika6.jpg\",\"url\":\"https:\\\/\\\/agafrank.pl\\\/wp-content\\\/uploads\\\/2024\\\/08\\\/grafika6.jpg\",\"contentUrl\":\"https:\\\/\\\/agafrank.pl\\\/wp-content\\\/uploads\\\/2024\\\/08\\\/grafika6.jpg\",\"width\":1772,\"height\":1181,\"caption\":\"Aga\"},\"logo\":{\"@id\":\"https:\\\/\\\/agafrank.pl\\\/wp-content\\\/uploads\\\/2024\\\/08\\\/grafika6.jpg\"},\"sameAs\":[\"http:\\\/\\\/agafrank.pl\",\"www.instagram.com\\\/agafrank\"],\"url\":\"https:\\\/\\\/agafrank.pl\\\/?author=2\"}]}<\/script>\n<!-- \/ Yoast SEO plugin. -->","yoast_head_json":{"title":"Warto\u015bci w \u017cyciu \u2013 co naprawd\u0119 si\u0119 liczy?","description":"Poznaj najwa\u017cniejsze warto\u015bci w moim \u017cyciu \u2013 sprawiedliwo\u015b\u0107, dobro i rodzin\u0119. Przeczytaj osobisty wpis o tym, co naprawd\u0119 si\u0119 liczy.","robots":{"index":"index","follow":"follow","max-snippet":"max-snippet:-1","max-image-preview":"max-image-preview:large","max-video-preview":"max-video-preview:-1"},"canonical":"https:\/\/agafrank.pl\/?p=318","og_locale":"en_US","og_type":"article","og_title":"Warto\u015bci w \u017cyciu \u2013 co naprawd\u0119 si\u0119 liczy?","og_description":"Poznaj najwa\u017cniejsze warto\u015bci w moim \u017cyciu \u2013 sprawiedliwo\u015b\u0107, dobro i rodzin\u0119. Przeczytaj osobisty wpis o tym, co naprawd\u0119 si\u0119 liczy.","og_url":"https:\/\/agafrank.pl\/?p=318","og_site_name":"Aga Frank","article_published_time":"2025-05-19T08:16:52+00:00","article_modified_time":"2025-05-19T08:16:53+00:00","og_image":[{"width":1772,"height":1181,"url":"https:\/\/agafrank.pl\/wp-content\/uploads\/2025\/05\/grafika54.jpg","type":"image\/jpeg"}],"author":"Aga","twitter_card":"summary_large_image","twitter_misc":{"Written by":"Aga","Est. reading time":"3 minutes"},"schema":{"@context":"https:\/\/schema.org","@graph":[{"@type":"Article","@id":"https:\/\/agafrank.pl\/?p=318#article","isPartOf":{"@id":"https:\/\/agafrank.pl\/?p=318"},"author":{"name":"Aga","@id":"https:\/\/agafrank.pl\/#\/schema\/person\/86f157a40daf141245423c681e2f82fc"},"headline":"Najwa\u017cniejsze warto\u015bci, kt\u00f3rymi kieruj\u0119 si\u0119 w \u017cyciu","datePublished":"2025-05-19T08:16:52+00:00","dateModified":"2025-05-19T08:16:53+00:00","mainEntityOfPage":{"@id":"https:\/\/agafrank.pl\/?p=318"},"wordCount":628,"commentCount":0,"publisher":{"@id":"https:\/\/agafrank.pl\/#\/schema\/person\/86f157a40daf141245423c681e2f82fc"},"image":{"@id":"https:\/\/agafrank.pl\/?p=318#primaryimage"},"thumbnailUrl":"https:\/\/agafrank.pl\/wp-content\/uploads\/2025\/05\/grafika54.jpg","keywords":["Aga Frank","o mnie","poniedzia\u0142ki","warto\u015bci","wattpad"],"articleSection":["Lu\u017ane przemy\u015blenia","O mnie - Aga Frank"],"inLanguage":"en-US","potentialAction":[{"@type":"CommentAction","name":"Comment","target":["https:\/\/agafrank.pl\/?p=318#respond"]}]},{"@type":"WebPage","@id":"https:\/\/agafrank.pl\/?p=318","url":"https:\/\/agafrank.pl\/?p=318","name":"Warto\u015bci w \u017cyciu \u2013 co naprawd\u0119 si\u0119 liczy?","isPartOf":{"@id":"https:\/\/agafrank.pl\/#website"},"primaryImageOfPage":{"@id":"https:\/\/agafrank.pl\/?p=318#primaryimage"},"image":{"@id":"https:\/\/agafrank.pl\/?p=318#primaryimage"},"thumbnailUrl":"https:\/\/agafrank.pl\/wp-content\/uploads\/2025\/05\/grafika54.jpg","datePublished":"2025-05-19T08:16:52+00:00","dateModified":"2025-05-19T08:16:53+00:00","description":"Poznaj najwa\u017cniejsze warto\u015bci w moim \u017cyciu \u2013 sprawiedliwo\u015b\u0107, dobro i rodzin\u0119. Przeczytaj osobisty wpis o tym, co naprawd\u0119 si\u0119 liczy.","breadcrumb":{"@id":"https:\/\/agafrank.pl\/?p=318#breadcrumb"},"inLanguage":"en-US","potentialAction":[{"@type":"ReadAction","target":["https:\/\/agafrank.pl\/?p=318"]}]},{"@type":"ImageObject","inLanguage":"en-US","@id":"https:\/\/agafrank.pl\/?p=318#primaryimage","url":"https:\/\/agafrank.pl\/wp-content\/uploads\/2025\/05\/grafika54.jpg","contentUrl":"https:\/\/agafrank.pl\/wp-content\/uploads\/2025\/05\/grafika54.jpg","width":1772,"height":1181,"caption":"Warto\u015bci w \u017cyciu \u2013 kobieta z psem pod nocnym niebem jako symbol codziennego trwania przy tym, co wa\u017cne"},{"@type":"BreadcrumbList","@id":"https:\/\/agafrank.pl\/?p=318#breadcrumb","itemListElement":[{"@type":"ListItem","position":1,"name":"Home","item":"https:\/\/agafrank.pl\/"},{"@type":"ListItem","position":2,"name":"Najwa\u017cniejsze warto\u015bci, kt\u00f3rymi kieruj\u0119 si\u0119 w \u017cyciu"}]},{"@type":"WebSite","@id":"https:\/\/agafrank.pl\/#website","url":"https:\/\/agafrank.pl\/","name":"Aga Frank","description":"Pisz\u0119, bo lubi\u0119...","publisher":{"@id":"https:\/\/agafrank.pl\/#\/schema\/person\/86f157a40daf141245423c681e2f82fc"},"potentialAction":[{"@type":"SearchAction","target":{"@type":"EntryPoint","urlTemplate":"https:\/\/agafrank.pl\/?s={search_term_string}"},"query-input":{"@type":"PropertyValueSpecification","valueRequired":true,"valueName":"search_term_string"}}],"inLanguage":"en-US"},{"@type":["Person","Organization"],"@id":"https:\/\/agafrank.pl\/#\/schema\/person\/86f157a40daf141245423c681e2f82fc","name":"Aga","image":{"@type":"ImageObject","inLanguage":"en-US","@id":"https:\/\/agafrank.pl\/wp-content\/uploads\/2024\/08\/grafika6.jpg","url":"https:\/\/agafrank.pl\/wp-content\/uploads\/2024\/08\/grafika6.jpg","contentUrl":"https:\/\/agafrank.pl\/wp-content\/uploads\/2024\/08\/grafika6.jpg","width":1772,"height":1181,"caption":"Aga"},"logo":{"@id":"https:\/\/agafrank.pl\/wp-content\/uploads\/2024\/08\/grafika6.jpg"},"sameAs":["http:\/\/agafrank.pl","www.instagram.com\/agafrank"],"url":"https:\/\/agafrank.pl\/?author=2"}]}},"_links":{"self":[{"href":"https:\/\/agafrank.pl\/index.php?rest_route=\/wp\/v2\/posts\/318","targetHints":{"allow":["GET"]}}],"collection":[{"href":"https:\/\/agafrank.pl\/index.php?rest_route=\/wp\/v2\/posts"}],"about":[{"href":"https:\/\/agafrank.pl\/index.php?rest_route=\/wp\/v2\/types\/post"}],"author":[{"embeddable":true,"href":"https:\/\/agafrank.pl\/index.php?rest_route=\/wp\/v2\/users\/2"}],"replies":[{"embeddable":true,"href":"https:\/\/agafrank.pl\/index.php?rest_route=%2Fwp%2Fv2%2Fcomments&post=318"}],"version-history":[{"count":1,"href":"https:\/\/agafrank.pl\/index.php?rest_route=\/wp\/v2\/posts\/318\/revisions"}],"predecessor-version":[{"id":320,"href":"https:\/\/agafrank.pl\/index.php?rest_route=\/wp\/v2\/posts\/318\/revisions\/320"}],"wp:featuredmedia":[{"embeddable":true,"href":"https:\/\/agafrank.pl\/index.php?rest_route=\/wp\/v2\/media\/319"}],"wp:attachment":[{"href":"https:\/\/agafrank.pl\/index.php?rest_route=%2Fwp%2Fv2%2Fmedia&parent=318"}],"wp:term":[{"taxonomy":"category","embeddable":true,"href":"https:\/\/agafrank.pl\/index.php?rest_route=%2Fwp%2Fv2%2Fcategories&post=318"},{"taxonomy":"post_tag","embeddable":true,"href":"https:\/\/agafrank.pl\/index.php?rest_route=%2Fwp%2Fv2%2Ftags&post=318"}],"curies":[{"name":"wp","href":"https:\/\/api.w.org\/{rel}","templated":true}]}}