{"id":289,"date":"2025-03-14T10:29:41","date_gmt":"2025-03-14T09:29:41","guid":{"rendered":"https:\/\/agafrank.pl\/?p=289"},"modified":"2025-03-14T10:29:42","modified_gmt":"2025-03-14T09:29:42","slug":"pogodzenie-ambicji-i-zycia-prywatnego","status":"publish","type":"post","link":"https:\/\/agafrank.pl\/?p=289","title":{"rendered":"Pogodzenie ambicji i \u017cycia prywatnego \u2013 moje do\u015bwiadczenia"},"content":{"rendered":"\n<p>Balans mi\u0119dzy \u017cyciem zawodowym a prywatnym to temat, kt\u00f3ry budzi wiele emocji i dyskusji. Czy mo\u017cna realizowa\u0107 swoje ambicje, jednocze\u015bnie dbaj\u0105c o relacje, pasje i odpoczynek? To pytanie, na kt\u00f3re wci\u0105\u017c szukam odpowiedzi \u2013 ale jedno wiem na pewno: w moim przypadku nie uznaj\u0119 p\u00f3\u0142\u015brodk\u00f3w.<\/p>\n\n\n\n<h3 class=\"wp-block-heading\"><strong>Droga zawodowa \u2013 uk\u0142adanka, kt\u00f3ra wci\u0105\u017c si\u0119 zmienia<\/strong><\/h3>\n\n\n\n<p>Na przestrzeni lat moje podej\u015bcie do sukcesu zawodowego ewoluowa\u0142o. Nie zmieni\u0142y si\u0119 jednak moje priorytety \u2013 one jedynie si\u0119 modyfikuj\u0105. To, co robi\u0119, traktuj\u0119 jako element wi\u0119kszej uk\u0142adanki. Ka\u017cde do\u015bwiadczenie, ka\u017cda decyzja \u2013 nawet ta, kt\u00f3ra z perspektywy czasu wydaje si\u0119 b\u0142\u0119dna \u2013 mia\u0142a wp\u0142yw na to, gdzie dzi\u015b jestem. Nawet chwile stagnacji mog\u0105 prowadzi\u0107 do wa\u017cnych zmian, je\u015bli tylko potrafimy dostrzec znaki i zaufa\u0107 sobie.<\/p>\n\n\n\n<h3 class=\"wp-block-heading\"><strong>Praca, kt\u00f3ra dominuje \u017cycie prywatne<\/strong><\/h3>\n\n\n\n<p>Nie ukrywam \u2013 moja praca cz\u0119sto dominuje nad moim \u017cyciem prywatnym. Pracuj\u0119 zdalnie, co oznacza, \u017ce tak naprawd\u0119 zawsze jestem w pracy, ale te\u017c\u2026 zawsze jestem w domu. Granice mi\u0119dzy tymi sferami si\u0119 zacieraj\u0105, a znalezienie balansu nie jest \u0142atwe. Na szcz\u0119\u015bcie mam wyrozumia\u0142ego partnera, kt\u00f3ry rozumie moje podej\u015bcie, bo sam \u017cyje swoj\u0105 pasj\u0105 zawodow\u0105. To ogromne wsparcie, kt\u00f3re pomaga mi realizowa\u0107 si\u0119 bez wyrzut\u00f3w sumienia.<\/p>\n\n\n\n<h3 class=\"wp-block-heading\"><strong>Czas \u2013 waluta, kt\u00f3r\u0105 ci\u0105gle wydaj\u0119<\/strong><\/h3>\n\n\n\n<p>Przeci\u0119tnie na prac\u0119 po\u015bwi\u0119cam 10-12 godzin dziennie. Na \u017cycie prywatne zostaj\u0105 mi g\u0142\u00f3wnie weekendy, cho\u0107 zdarza si\u0119, \u017ce i wtedy musz\u0119 po\u015bwi\u0119ci\u0107 czas zawodowym zobowi\u0105zaniom. Czasem zastanawiam si\u0119, czy nie trac\u0119 czego\u015b wa\u017cnego \u2013 chwil, kt\u00f3rych nie da si\u0119 cofn\u0105\u0107.<\/p>\n\n\n\n<p>By\u0142y jednak momenty, kiedy priorytety si\u0119 zmieni\u0142y. Gdy moja mama zachorowa\u0142a, chcia\u0142am sp\u0119dza\u0107 z ni\u0105 jak najwi\u0119cej czasu. Wiedzia\u0142am, \u017ce to jest co\u015b, czego nie mog\u0119 prze\u0142o\u017cy\u0107 na \u201ep\u00f3\u017aniej\u201d. Po cz\u0119\u015bci uda\u0142o mi si\u0119 to zrealizowa\u0107 \u2013 i nie \u017ca\u0142uj\u0119, \u017ce to \u017cycie prywatne w tamtym czasie wysun\u0119\u0142o si\u0119 na pierwszy plan.<\/p>\n\n\n\n<h3 class=\"wp-block-heading\"><strong>Czy trzeba rezygnowa\u0107 z jednej rzeczy, aby mie\u0107 drug\u0105?<\/strong><\/h3>\n\n\n\n<p>Prawda jest brutalna: co\u015b zawsze odbywa si\u0119 kosztem czego\u015b innego. Nie mo\u017cna by\u0107 w pe\u0142ni oddanym pracy i jednocze\u015bnie mie\u0107 mn\u00f3stwo czasu na \u017cycie prywatne. Staram si\u0119 to akceptowa\u0107, ale nie ukrywam \u2013 czasami mnie to z\u0142o\u015bci. Chcia\u0142abym mie\u0107 wszystko: satysfakcjonuj\u0105c\u0105 prac\u0119, czas na odpoczynek, rozw\u00f3j pasji i wi\u0119cej chwil z bliskimi. Jednak doba ma tylko 24 godziny, a ja musz\u0119 wybiera\u0107.<\/p>\n\n\n\n<h3 class=\"wp-block-heading\"><strong>Pisanie \u2013 pasja, kt\u00f3r\u0105 piel\u0119gnuj\u0119 mimo wszystko<\/strong><\/h3>\n\n\n\n<p>Mimo braku czasu, jednego nie odpuszczam \u2013 pisania. To moja najwi\u0119ksza pasja i co\u015b, co robi\u0119 w ka\u017cdej wolnej chwili, mi\u0119dzy obowi\u0105zkami i prac\u0105. Po cichu licz\u0119, \u017ce pewnego dnia stanie si\u0119 moj\u0105 g\u0142\u00f3wn\u0105 prac\u0105, \u017ce nie b\u0119d\u0119 musia\u0142a wybiera\u0107 mi\u0119dzy ambicjami a tym, co naprawd\u0119 kocham.<\/p>\n\n\n\n<p>\ud83d\udca1 <strong>A je\u015bli szukacie dobrej historii, pe\u0142nej emocji i napi\u0119cia, to\u2026<\/strong><\/p>\n\n\n\n<p><strong>W\u0142a\u015bnie doda\u0142am nowy rozdzia\u0142 &#8220;Niewidzialnych sieci&#8221; na Wattpadzie!<\/strong> Je\u015bli macie ochot\u0119 na intensywn\u0105, emocjonaln\u0105 opowie\u015b\u0107 pe\u0142n\u0105 tajemnic, zapraszam do lektury:<br>\ud83d\udcd6 <strong><a href=\"https:\/\/www.wattpad.com\/story\/377854054-niewidzialne-sieci\">Niewidzialne sieci na Wattpadzie<\/a><\/strong><\/p>\n\n\n\n<p>\ud83d\udcac A jak Wy radzicie sobie z pogodzeniem ambicji zawodowych z \u017cyciem prywatnym? Dajcie zna\u0107 w komentarzach!<\/p>\n\n\n\n<hr class=\"wp-block-separator has-alpha-channel-opacity\"\/>\n\n\n\n<p>Wpis na blogu, kt\u00f3ry tak\u017ce dotyczy mojej drogi zawodowej i pasji: <strong><a href=\"https:\/\/agafrank.pl\/?p=267\">Moje \u017cycie i pasje \u2013 kilka s\u0142\u00f3w o mnie<\/a><\/strong><\/p>\n","protected":false},"excerpt":{"rendered":"<p>Balans mi\u0119dzy \u017cyciem zawodowym a prywatnym to temat, kt\u00f3ry budzi wiele emocji i dyskusji. Czy mo\u017cna realizowa\u0107 swoje ambicje, jednocze\u015bnie dbaj\u0105c o relacje, pasje i odpoczynek? To pytanie, na kt\u00f3re wci\u0105\u017c szukam odpowiedzi \u2013 ale jedno wiem na pewno: w moim przypadku nie uznaj\u0119 p\u00f3\u0142\u015brodk\u00f3w. Droga zawodowa \u2013 uk\u0142adanka, kt\u00f3ra wci\u0105\u017c si\u0119 zmienia Na przestrzeni&#8230;<\/p>\n","protected":false},"author":2,"featured_media":290,"comment_status":"open","ping_status":"open","sticky":false,"template":"","format":"standard","meta":{"footnotes":""},"categories":[54,44],"tags":[11,63,7,90],"class_list":["post-289","post","type-post","status-publish","format-standard","has-post-thumbnail","hentry","category-luzne-przemyslenia","category-o-mnie","tag-aga-frank","tag-niewidzialne-sieci","tag-pisanie","tag-praca"],"yoast_head":"<!-- This site is optimized with the Yoast SEO plugin v27.5 - https:\/\/yoast.com\/product\/yoast-seo-wordpress\/ -->\n<title>Pogodzenie ambicji i \u017cycia prywatnego \u2013 moje do\u015bwiadczenia<\/title>\n<meta name=\"description\" content=\"Pogodzenie ambicji i \u017cycia prywatnego to wyzwanie. Sprawd\u017a moje sposoby na balans mi\u0119dzy prac\u0105 a codzienno\u015bci\u0105 i dowiedz si\u0119, czy to mo\u017cliwe.\" \/>\n<meta name=\"robots\" content=\"index, follow, max-snippet:-1, max-image-preview:large, max-video-preview:-1\" \/>\n<link rel=\"canonical\" href=\"https:\/\/agafrank.pl\/?p=289\" \/>\n<meta property=\"og:locale\" content=\"en_US\" \/>\n<meta property=\"og:type\" content=\"article\" \/>\n<meta property=\"og:title\" content=\"Pogodzenie ambicji i \u017cycia prywatnego \u2013 moje do\u015bwiadczenia\" \/>\n<meta property=\"og:description\" content=\"Pogodzenie ambicji i \u017cycia prywatnego to wyzwanie. Sprawd\u017a moje sposoby na balans mi\u0119dzy prac\u0105 a codzienno\u015bci\u0105 i dowiedz si\u0119, czy to mo\u017cliwe.\" \/>\n<meta property=\"og:url\" content=\"https:\/\/agafrank.pl\/?p=289\" \/>\n<meta property=\"og:site_name\" content=\"Aga Frank\" \/>\n<meta property=\"article:published_time\" content=\"2025-03-14T09:29:41+00:00\" \/>\n<meta property=\"article:modified_time\" content=\"2025-03-14T09:29:42+00:00\" \/>\n<meta property=\"og:image\" content=\"https:\/\/agafrank.pl\/wp-content\/uploads\/2025\/03\/grafika47.jpg\" \/>\n\t<meta property=\"og:image:width\" content=\"1772\" \/>\n\t<meta property=\"og:image:height\" content=\"1181\" \/>\n\t<meta property=\"og:image:type\" content=\"image\/jpeg\" \/>\n<meta name=\"author\" content=\"Aga\" \/>\n<meta name=\"twitter:card\" content=\"summary_large_image\" \/>\n<meta name=\"twitter:label1\" content=\"Written by\" \/>\n\t<meta name=\"twitter:data1\" content=\"Aga\" \/>\n\t<meta name=\"twitter:label2\" content=\"Est. reading time\" \/>\n\t<meta name=\"twitter:data2\" content=\"3 minutes\" \/>\n<script type=\"application\/ld+json\" class=\"yoast-schema-graph\">{\"@context\":\"https:\\\/\\\/schema.org\",\"@graph\":[{\"@type\":\"Article\",\"@id\":\"https:\\\/\\\/agafrank.pl\\\/?p=289#article\",\"isPartOf\":{\"@id\":\"https:\\\/\\\/agafrank.pl\\\/?p=289\"},\"author\":{\"name\":\"Aga\",\"@id\":\"https:\\\/\\\/agafrank.pl\\\/#\\\/schema\\\/person\\\/86f157a40daf141245423c681e2f82fc\"},\"headline\":\"Pogodzenie ambicji i \u017cycia prywatnego \u2013 moje do\u015bwiadczenia\",\"datePublished\":\"2025-03-14T09:29:41+00:00\",\"dateModified\":\"2025-03-14T09:29:42+00:00\",\"mainEntityOfPage\":{\"@id\":\"https:\\\/\\\/agafrank.pl\\\/?p=289\"},\"wordCount\":566,\"commentCount\":0,\"publisher\":{\"@id\":\"https:\\\/\\\/agafrank.pl\\\/#\\\/schema\\\/person\\\/86f157a40daf141245423c681e2f82fc\"},\"image\":{\"@id\":\"https:\\\/\\\/agafrank.pl\\\/?p=289#primaryimage\"},\"thumbnailUrl\":\"https:\\\/\\\/agafrank.pl\\\/wp-content\\\/uploads\\\/2025\\\/03\\\/grafika47.jpg\",\"keywords\":[\"Aga Frank\",\"Niewidzialne sieci\",\"pisanie\",\"praca\"],\"articleSection\":[\"Lu\u017ane przemy\u015blenia\",\"O mnie - Aga Frank\"],\"inLanguage\":\"en-US\",\"potentialAction\":[{\"@type\":\"CommentAction\",\"name\":\"Comment\",\"target\":[\"https:\\\/\\\/agafrank.pl\\\/?p=289#respond\"]}]},{\"@type\":\"WebPage\",\"@id\":\"https:\\\/\\\/agafrank.pl\\\/?p=289\",\"url\":\"https:\\\/\\\/agafrank.pl\\\/?p=289\",\"name\":\"Pogodzenie ambicji i \u017cycia prywatnego \u2013 moje do\u015bwiadczenia\",\"isPartOf\":{\"@id\":\"https:\\\/\\\/agafrank.pl\\\/#website\"},\"primaryImageOfPage\":{\"@id\":\"https:\\\/\\\/agafrank.pl\\\/?p=289#primaryimage\"},\"image\":{\"@id\":\"https:\\\/\\\/agafrank.pl\\\/?p=289#primaryimage\"},\"thumbnailUrl\":\"https:\\\/\\\/agafrank.pl\\\/wp-content\\\/uploads\\\/2025\\\/03\\\/grafika47.jpg\",\"datePublished\":\"2025-03-14T09:29:41+00:00\",\"dateModified\":\"2025-03-14T09:29:42+00:00\",\"description\":\"Pogodzenie ambicji i \u017cycia prywatnego to wyzwanie. Sprawd\u017a moje sposoby na balans mi\u0119dzy prac\u0105 a codzienno\u015bci\u0105 i dowiedz si\u0119, czy to mo\u017cliwe.\",\"breadcrumb\":{\"@id\":\"https:\\\/\\\/agafrank.pl\\\/?p=289#breadcrumb\"},\"inLanguage\":\"en-US\",\"potentialAction\":[{\"@type\":\"ReadAction\",\"target\":[\"https:\\\/\\\/agafrank.pl\\\/?p=289\"]}]},{\"@type\":\"ImageObject\",\"inLanguage\":\"en-US\",\"@id\":\"https:\\\/\\\/agafrank.pl\\\/?p=289#primaryimage\",\"url\":\"https:\\\/\\\/agafrank.pl\\\/wp-content\\\/uploads\\\/2025\\\/03\\\/grafika47.jpg\",\"contentUrl\":\"https:\\\/\\\/agafrank.pl\\\/wp-content\\\/uploads\\\/2025\\\/03\\\/grafika47.jpg\",\"width\":1772,\"height\":1181,\"caption\":\"Pogodzenie ambicji i \u017cycia prywatnego \u2013 jak znale\u017a\u0107 r\u00f3wnowag\u0119?\"},{\"@type\":\"BreadcrumbList\",\"@id\":\"https:\\\/\\\/agafrank.pl\\\/?p=289#breadcrumb\",\"itemListElement\":[{\"@type\":\"ListItem\",\"position\":1,\"name\":\"Home\",\"item\":\"https:\\\/\\\/agafrank.pl\\\/\"},{\"@type\":\"ListItem\",\"position\":2,\"name\":\"Pogodzenie ambicji i \u017cycia prywatnego \u2013 moje do\u015bwiadczenia\"}]},{\"@type\":\"WebSite\",\"@id\":\"https:\\\/\\\/agafrank.pl\\\/#website\",\"url\":\"https:\\\/\\\/agafrank.pl\\\/\",\"name\":\"Aga Frank\",\"description\":\"Pisz\u0119, bo lubi\u0119...\",\"publisher\":{\"@id\":\"https:\\\/\\\/agafrank.pl\\\/#\\\/schema\\\/person\\\/86f157a40daf141245423c681e2f82fc\"},\"potentialAction\":[{\"@type\":\"SearchAction\",\"target\":{\"@type\":\"EntryPoint\",\"urlTemplate\":\"https:\\\/\\\/agafrank.pl\\\/?s={search_term_string}\"},\"query-input\":{\"@type\":\"PropertyValueSpecification\",\"valueRequired\":true,\"valueName\":\"search_term_string\"}}],\"inLanguage\":\"en-US\"},{\"@type\":[\"Person\",\"Organization\"],\"@id\":\"https:\\\/\\\/agafrank.pl\\\/#\\\/schema\\\/person\\\/86f157a40daf141245423c681e2f82fc\",\"name\":\"Aga\",\"image\":{\"@type\":\"ImageObject\",\"inLanguage\":\"en-US\",\"@id\":\"https:\\\/\\\/agafrank.pl\\\/wp-content\\\/uploads\\\/2024\\\/08\\\/grafika6.jpg\",\"url\":\"https:\\\/\\\/agafrank.pl\\\/wp-content\\\/uploads\\\/2024\\\/08\\\/grafika6.jpg\",\"contentUrl\":\"https:\\\/\\\/agafrank.pl\\\/wp-content\\\/uploads\\\/2024\\\/08\\\/grafika6.jpg\",\"width\":1772,\"height\":1181,\"caption\":\"Aga\"},\"logo\":{\"@id\":\"https:\\\/\\\/agafrank.pl\\\/wp-content\\\/uploads\\\/2024\\\/08\\\/grafika6.jpg\"},\"sameAs\":[\"http:\\\/\\\/agafrank.pl\",\"www.instagram.com\\\/agafrank\"],\"url\":\"https:\\\/\\\/agafrank.pl\\\/?author=2\"}]}<\/script>\n<!-- \/ Yoast SEO plugin. -->","yoast_head_json":{"title":"Pogodzenie ambicji i \u017cycia prywatnego \u2013 moje do\u015bwiadczenia","description":"Pogodzenie ambicji i \u017cycia prywatnego to wyzwanie. Sprawd\u017a moje sposoby na balans mi\u0119dzy prac\u0105 a codzienno\u015bci\u0105 i dowiedz si\u0119, czy to mo\u017cliwe.","robots":{"index":"index","follow":"follow","max-snippet":"max-snippet:-1","max-image-preview":"max-image-preview:large","max-video-preview":"max-video-preview:-1"},"canonical":"https:\/\/agafrank.pl\/?p=289","og_locale":"en_US","og_type":"article","og_title":"Pogodzenie ambicji i \u017cycia prywatnego \u2013 moje do\u015bwiadczenia","og_description":"Pogodzenie ambicji i \u017cycia prywatnego to wyzwanie. Sprawd\u017a moje sposoby na balans mi\u0119dzy prac\u0105 a codzienno\u015bci\u0105 i dowiedz si\u0119, czy to mo\u017cliwe.","og_url":"https:\/\/agafrank.pl\/?p=289","og_site_name":"Aga Frank","article_published_time":"2025-03-14T09:29:41+00:00","article_modified_time":"2025-03-14T09:29:42+00:00","og_image":[{"width":1772,"height":1181,"url":"https:\/\/agafrank.pl\/wp-content\/uploads\/2025\/03\/grafika47.jpg","type":"image\/jpeg"}],"author":"Aga","twitter_card":"summary_large_image","twitter_misc":{"Written by":"Aga","Est. reading time":"3 minutes"},"schema":{"@context":"https:\/\/schema.org","@graph":[{"@type":"Article","@id":"https:\/\/agafrank.pl\/?p=289#article","isPartOf":{"@id":"https:\/\/agafrank.pl\/?p=289"},"author":{"name":"Aga","@id":"https:\/\/agafrank.pl\/#\/schema\/person\/86f157a40daf141245423c681e2f82fc"},"headline":"Pogodzenie ambicji i \u017cycia prywatnego \u2013 moje do\u015bwiadczenia","datePublished":"2025-03-14T09:29:41+00:00","dateModified":"2025-03-14T09:29:42+00:00","mainEntityOfPage":{"@id":"https:\/\/agafrank.pl\/?p=289"},"wordCount":566,"commentCount":0,"publisher":{"@id":"https:\/\/agafrank.pl\/#\/schema\/person\/86f157a40daf141245423c681e2f82fc"},"image":{"@id":"https:\/\/agafrank.pl\/?p=289#primaryimage"},"thumbnailUrl":"https:\/\/agafrank.pl\/wp-content\/uploads\/2025\/03\/grafika47.jpg","keywords":["Aga Frank","Niewidzialne sieci","pisanie","praca"],"articleSection":["Lu\u017ane przemy\u015blenia","O mnie - Aga Frank"],"inLanguage":"en-US","potentialAction":[{"@type":"CommentAction","name":"Comment","target":["https:\/\/agafrank.pl\/?p=289#respond"]}]},{"@type":"WebPage","@id":"https:\/\/agafrank.pl\/?p=289","url":"https:\/\/agafrank.pl\/?p=289","name":"Pogodzenie ambicji i \u017cycia prywatnego \u2013 moje do\u015bwiadczenia","isPartOf":{"@id":"https:\/\/agafrank.pl\/#website"},"primaryImageOfPage":{"@id":"https:\/\/agafrank.pl\/?p=289#primaryimage"},"image":{"@id":"https:\/\/agafrank.pl\/?p=289#primaryimage"},"thumbnailUrl":"https:\/\/agafrank.pl\/wp-content\/uploads\/2025\/03\/grafika47.jpg","datePublished":"2025-03-14T09:29:41+00:00","dateModified":"2025-03-14T09:29:42+00:00","description":"Pogodzenie ambicji i \u017cycia prywatnego to wyzwanie. Sprawd\u017a moje sposoby na balans mi\u0119dzy prac\u0105 a codzienno\u015bci\u0105 i dowiedz si\u0119, czy to mo\u017cliwe.","breadcrumb":{"@id":"https:\/\/agafrank.pl\/?p=289#breadcrumb"},"inLanguage":"en-US","potentialAction":[{"@type":"ReadAction","target":["https:\/\/agafrank.pl\/?p=289"]}]},{"@type":"ImageObject","inLanguage":"en-US","@id":"https:\/\/agafrank.pl\/?p=289#primaryimage","url":"https:\/\/agafrank.pl\/wp-content\/uploads\/2025\/03\/grafika47.jpg","contentUrl":"https:\/\/agafrank.pl\/wp-content\/uploads\/2025\/03\/grafika47.jpg","width":1772,"height":1181,"caption":"Pogodzenie ambicji i \u017cycia prywatnego \u2013 jak znale\u017a\u0107 r\u00f3wnowag\u0119?"},{"@type":"BreadcrumbList","@id":"https:\/\/agafrank.pl\/?p=289#breadcrumb","itemListElement":[{"@type":"ListItem","position":1,"name":"Home","item":"https:\/\/agafrank.pl\/"},{"@type":"ListItem","position":2,"name":"Pogodzenie ambicji i \u017cycia prywatnego \u2013 moje do\u015bwiadczenia"}]},{"@type":"WebSite","@id":"https:\/\/agafrank.pl\/#website","url":"https:\/\/agafrank.pl\/","name":"Aga Frank","description":"Pisz\u0119, bo lubi\u0119...","publisher":{"@id":"https:\/\/agafrank.pl\/#\/schema\/person\/86f157a40daf141245423c681e2f82fc"},"potentialAction":[{"@type":"SearchAction","target":{"@type":"EntryPoint","urlTemplate":"https:\/\/agafrank.pl\/?s={search_term_string}"},"query-input":{"@type":"PropertyValueSpecification","valueRequired":true,"valueName":"search_term_string"}}],"inLanguage":"en-US"},{"@type":["Person","Organization"],"@id":"https:\/\/agafrank.pl\/#\/schema\/person\/86f157a40daf141245423c681e2f82fc","name":"Aga","image":{"@type":"ImageObject","inLanguage":"en-US","@id":"https:\/\/agafrank.pl\/wp-content\/uploads\/2024\/08\/grafika6.jpg","url":"https:\/\/agafrank.pl\/wp-content\/uploads\/2024\/08\/grafika6.jpg","contentUrl":"https:\/\/agafrank.pl\/wp-content\/uploads\/2024\/08\/grafika6.jpg","width":1772,"height":1181,"caption":"Aga"},"logo":{"@id":"https:\/\/agafrank.pl\/wp-content\/uploads\/2024\/08\/grafika6.jpg"},"sameAs":["http:\/\/agafrank.pl","www.instagram.com\/agafrank"],"url":"https:\/\/agafrank.pl\/?author=2"}]}},"_links":{"self":[{"href":"https:\/\/agafrank.pl\/index.php?rest_route=\/wp\/v2\/posts\/289","targetHints":{"allow":["GET"]}}],"collection":[{"href":"https:\/\/agafrank.pl\/index.php?rest_route=\/wp\/v2\/posts"}],"about":[{"href":"https:\/\/agafrank.pl\/index.php?rest_route=\/wp\/v2\/types\/post"}],"author":[{"embeddable":true,"href":"https:\/\/agafrank.pl\/index.php?rest_route=\/wp\/v2\/users\/2"}],"replies":[{"embeddable":true,"href":"https:\/\/agafrank.pl\/index.php?rest_route=%2Fwp%2Fv2%2Fcomments&post=289"}],"version-history":[{"count":1,"href":"https:\/\/agafrank.pl\/index.php?rest_route=\/wp\/v2\/posts\/289\/revisions"}],"predecessor-version":[{"id":291,"href":"https:\/\/agafrank.pl\/index.php?rest_route=\/wp\/v2\/posts\/289\/revisions\/291"}],"wp:featuredmedia":[{"embeddable":true,"href":"https:\/\/agafrank.pl\/index.php?rest_route=\/wp\/v2\/media\/290"}],"wp:attachment":[{"href":"https:\/\/agafrank.pl\/index.php?rest_route=%2Fwp%2Fv2%2Fmedia&parent=289"}],"wp:term":[{"taxonomy":"category","embeddable":true,"href":"https:\/\/agafrank.pl\/index.php?rest_route=%2Fwp%2Fv2%2Fcategories&post=289"},{"taxonomy":"post_tag","embeddable":true,"href":"https:\/\/agafrank.pl\/index.php?rest_route=%2Fwp%2Fv2%2Ftags&post=289"}],"curies":[{"name":"wp","href":"https:\/\/api.w.org\/{rel}","templated":true}]}}