{"id":282,"date":"2025-03-05T10:16:42","date_gmt":"2025-03-05T09:16:42","guid":{"rendered":"https:\/\/agafrank.pl\/?p=282"},"modified":"2025-03-05T10:16:43","modified_gmt":"2025-03-05T09:16:43","slug":"idealny-dzien-pisarski","status":"publish","type":"post","link":"https:\/\/agafrank.pl\/?p=282","title":{"rendered":"Idealny dzie\u0144 pisarski \u2013 jak wygl\u0105da\u0142by m\u00f3j tw\u00f3rczy rytua\u0142?"},"content":{"rendered":"\n<p>Marzy\u0142am o tym dniu tyle razy, \u017ce jego scenariusz mam ju\u017c dok\u0142adnie u\u0142o\u017cony. <strong>Pe\u0142na swoboda, brak presji czasu i przestrze\u0144 tylko dla mnie i mojego pisania<\/strong> \u2013 to brzmi jak absolutny luksus. Jak wygl\u0105da\u0142by <strong>m\u00f3j idealny dzie\u0144 pisarski<\/strong>, gdybym mog\u0142a u\u0142o\u017cy\u0107 go dok\u0142adnie tak, jak chc\u0119?<\/p>\n\n\n\n<h3 class=\"wp-block-heading\"><strong>Bez budzika, ale z porannym rytua\u0142em<\/strong><\/h3>\n\n\n\n<p>W idealnym \u015bwiecie budz\u0119 si\u0119 wtedy, kiedy cia\u0142o samo zdecyduje, \u017ce ju\u017c pora. Cho\u0107 podziwiam ludzi, kt\u00f3rzy wstaj\u0105 o \u015bwicie, to ja jestem typow\u0105 <strong>sow\u0105<\/strong> i najlepiej funkcjonuj\u0119, gdy mog\u0119 rozwin\u0105\u0107 skrzyd\u0142a noc\u0105. <strong>Ale, ale!<\/strong> W moim wymarzonym dniu zaczynam od porannej aktywno\u015bci \u2013 si\u0142ownia, joga, mo\u017ce rozci\u0105ganie? <strong>Rozbudzenie cia\u0142a to tak\u017ce rozbudzenie umys\u0142u.<\/strong> Potem szybki prysznic, <strong>spokojny spacer z psem<\/strong> po lesie i kawa, najlepiej w ulubionym kubku, kt\u00f3ry ju\u017c sam w sobie inspiruje do pisania.<\/p>\n\n\n\n<h3 class=\"wp-block-heading\"><strong>M\u00f3j azyl \u2013 miejsce stworzone do pisania<\/strong><\/h3>\n\n\n\n<p>Nie jestem typem, kt\u00f3ry potrafi skupi\u0107 si\u0119 w g\u0142o\u015bnej kawiarni. <strong>Cisza to moje paliwo tw\u00f3rcze.<\/strong> W idealnym scenariuszu mam sw\u00f3j k\u0105cik do pisania \u2013 <strong>pokoik z wygodnym biurkiem, dopasowanym krzes\u0142em i \u015bcian\u0105 pe\u0142n\u0105 ksi\u0105\u017cek<\/strong>. Albo, jeszcze lepiej \u2013 dom w g\u00f3rach, gdzie mog\u0119 pisa\u0107 na tarasie, patrz\u0105c na las. To brzmi jak raj, prawda?<\/p>\n\n\n\n<p>Wi\u0119cej o tym, co mnie inspiruje i co sprawia mi najwi\u0119ksz\u0105 rado\u015b\u0107, mo\u017cesz przeczyta\u0107 w moim wpisie: <strong><a href=\"https:\/\/agafrank.pl\/?p=267\">Moje \u017cycie i pasje \u2013 kilka s\u0142\u00f3w o mnie<\/a><\/strong>.<\/p>\n\n\n\n<h3 class=\"wp-block-heading\"><strong>Czas na pisanie \u2013 nieko\u0144cz\u0105ca si\u0119 wena<\/strong><\/h3>\n\n\n\n<p>Najwi\u0119kszy luksus? <strong>Pisanie bez patrzenia na zegarek.<\/strong> W idealnym dniu <strong>dziel\u0119 czas na dwie sesje pisarskie \u2013 porann\u0105 i wieczorn\u0105<\/strong>, by mie\u0107 chwil\u0119 na \u017cycie, bliskich i z\u0142apanie oddechu. W przerwach mog\u0142abym <strong>medytowa\u0107<\/strong>, wr\u00f3ci\u0107 do <strong>gry na saksofonie<\/strong> (cho\u0107 s\u0105siedzi mog\u0105 nie by\u0107 zachwyceni!) albo <strong>zaj\u0105\u0107 si\u0119 muzyk\u0105<\/strong>, kt\u00f3ra zawsze towarzyszy mi w tle.<\/p>\n\n\n\n<p>Czy pisa\u0142abym wi\u0119cej ni\u017c jedn\u0105 ksi\u0105\u017ck\u0119 jednocze\u015bnie? To kusz\u0105ca wizja \u2013 <strong>rano zanurza\u0107 si\u0119 w jednym \u015bwiecie, a wieczorem w drugim<\/strong> \u2013 ale jednak wol\u0119 skupi\u0107 si\u0119 na jednej historii. Tylko wtedy mog\u0119 naprawd\u0119 poczu\u0107 bohater\u00f3w i zbudowa\u0107 ich losy tak, jak na to zas\u0142uguj\u0105.<\/p>\n\n\n\n<h3 class=\"wp-block-heading\"><strong>Jedzenie, kt\u00f3re nie przeszkadza w pisaniu<\/strong><\/h3>\n\n\n\n<p><strong>W idealnym dniu nie ma ci\u0119\u017ckich posi\u0142k\u00f3w.<\/strong> Mog\u0142abym \u017cy\u0107 na <strong>sa\u0142atkach i lekkich zupach<\/strong>, bo przecie\u017c chodzi o to, \u017ceby jedzenie nie wyrywa\u0142o mnie ze \u015bwiata fikcji, tylko delikatnie podtrzymywa\u0142o przy \u017cyciu.<\/p>\n\n\n\n<h3 class=\"wp-block-heading\"><strong>Izolacja czy kontakt z czytelnikami?<\/strong><\/h3>\n\n\n\n<p>Nie ukrywam \u2013 <strong>jestem typem samotnika, je\u015bli chodzi o pisanie.<\/strong> Potrzebuj\u0119 przestrzeni i spokoju, \u017ceby historia mog\u0142a si\u0119 rozwija\u0107. Ale na koniec dnia chcia\u0142abym <strong>porozmawia\u0107 z czytelnikami, zobaczy\u0107, jak odbieraj\u0105 moje historie, jakie emocje w nich wzbudzaj\u0105.<\/strong><\/p>\n\n\n\n<h3 class=\"wp-block-heading\"><strong>I tak ko\u0144czy si\u0119 idealny dzie\u0144&#8230;<\/strong><\/h3>\n\n\n\n<p><strong>Ksi\u0105\u017ck\u0105 przed snem.<\/strong> Tak wyobra\u017cam sobie <strong>idealne zako\u0144czenie idealnego dnia pisarskiego<\/strong>. Z fili\u017cank\u0105 herbaty i dobr\u0105 lektur\u0105, na kt\u00f3r\u0105 mam czas \u2013 nie w po\u015bpiechu, nie w biegu, ale <strong>delektuj\u0105c si\u0119 ka\u017cd\u0105 stron\u0105.<\/strong><\/p>\n\n\n\n<p>Czy to tylko marzenie? Mo\u017ce. Ale <strong>konsekwentnie do niego d\u0105\u017c\u0119<\/strong>. I kto wie? Mo\u017ce pewnego dnia napisz\u0119 ten wpis jeszcze raz, ale ju\u017c nie jako wizj\u0119, a rzeczywisto\u015b\u0107?<\/p>\n\n\n\n<hr class=\"wp-block-separator has-alpha-channel-opacity\"\/>\n\n\n\n<p>\ud83d\udcd6 <strong>PS:<\/strong> Je\u015bli chcesz zobaczy\u0107, jak wygl\u0105da moje pisanie w praktyce, zajrzyj na <strong><a href=\"https:\/\/www.wattpad.com\/user\/burana25\">m\u00f3j Wattpad<\/a><\/strong> \u2013 tam znajdziesz moje historie. A je\u015bli chcesz wiedzie\u0107 wi\u0119cej o mojej literackiej drodze, sprawd\u017a te\u017c wpis: <strong><a href=\"https:\/\/agafrank.pl\/?p=108\">Poznaj bohater\u00f3w ksi\u0105\u017cki \u201cPod cieniem tajemnic\u201d<\/a><\/strong>.<\/p>\n\n\n\n<hr class=\"wp-block-separator has-alpha-channel-opacity\"\/>\n","protected":false},"excerpt":{"rendered":"<p>Marzy\u0142am o tym dniu tyle razy, \u017ce jego scenariusz mam ju\u017c dok\u0142adnie u\u0142o\u017cony. Pe\u0142na swoboda, brak presji czasu i przestrze\u0144 tylko dla mnie i mojego pisania \u2013 to brzmi jak absolutny luksus. Jak wygl\u0105da\u0142by m\u00f3j idealny dzie\u0144 pisarski, gdybym mog\u0142a u\u0142o\u017cy\u0107 go dok\u0142adnie tak, jak chc\u0119? Bez budzika, ale z porannym rytua\u0142em W idealnym \u015bwiecie&#8230;<\/p>\n","protected":false},"author":2,"featured_media":283,"comment_status":"open","ping_status":"open","sticky":false,"template":"","format":"standard","meta":{"footnotes":""},"categories":[54,27],"tags":[34,86,31,7,6],"class_list":["post-282","post","type-post","status-publish","format-standard","has-post-thumbnail","hentry","category-luzne-przemyslenia","category-moje-pisanie","tag-inspiracje","tag-marzenia","tag-pasja-pisania","tag-pisanie","tag-wattpad"],"yoast_head":"<!-- This site is optimized with the Yoast SEO plugin v27.5 - https:\/\/yoast.com\/product\/yoast-seo-wordpress\/ -->\n<title>Idealny dzie\u0144 pisarski \u2013 jak wygl\u0105da\u0142by tw\u00f3rczy rytua\u0142?<\/title>\n<meta name=\"description\" content=\"Idealny dzie\u0144 pisarski to cisza, inspiracja i brak ogranicze\u0144. Jak wygl\u0105da\u0142by m\u00f3j tw\u00f3rczy rytua\u0142? Przeczytaj i poznaj moje pisarskie marzenie!\" \/>\n<meta name=\"robots\" content=\"index, follow, max-snippet:-1, max-image-preview:large, max-video-preview:-1\" \/>\n<link rel=\"canonical\" href=\"https:\/\/agafrank.pl\/?p=282\" \/>\n<meta property=\"og:locale\" content=\"en_US\" \/>\n<meta property=\"og:type\" content=\"article\" \/>\n<meta property=\"og:title\" content=\"Idealny dzie\u0144 pisarski \u2013 jak wygl\u0105da\u0142by tw\u00f3rczy rytua\u0142?\" \/>\n<meta property=\"og:description\" content=\"Idealny dzie\u0144 pisarski to cisza, inspiracja i brak ogranicze\u0144. Jak wygl\u0105da\u0142by m\u00f3j tw\u00f3rczy rytua\u0142? Przeczytaj i poznaj moje pisarskie marzenie!\" \/>\n<meta property=\"og:url\" content=\"https:\/\/agafrank.pl\/?p=282\" \/>\n<meta property=\"og:site_name\" content=\"Aga Frank\" \/>\n<meta property=\"article:published_time\" content=\"2025-03-05T09:16:42+00:00\" \/>\n<meta property=\"article:modified_time\" content=\"2025-03-05T09:16:43+00:00\" \/>\n<meta property=\"og:image\" content=\"https:\/\/agafrank.pl\/wp-content\/uploads\/2025\/03\/grafika45.jpg\" \/>\n\t<meta property=\"og:image:width\" content=\"1772\" \/>\n\t<meta property=\"og:image:height\" content=\"1181\" \/>\n\t<meta property=\"og:image:type\" content=\"image\/jpeg\" \/>\n<meta name=\"author\" content=\"Aga\" \/>\n<meta name=\"twitter:card\" content=\"summary_large_image\" \/>\n<meta name=\"twitter:label1\" content=\"Written by\" \/>\n\t<meta name=\"twitter:data1\" content=\"Aga\" \/>\n\t<meta name=\"twitter:label2\" content=\"Est. reading time\" \/>\n\t<meta name=\"twitter:data2\" content=\"3 minutes\" \/>\n<script type=\"application\/ld+json\" class=\"yoast-schema-graph\">{\"@context\":\"https:\\\/\\\/schema.org\",\"@graph\":[{\"@type\":\"Article\",\"@id\":\"https:\\\/\\\/agafrank.pl\\\/?p=282#article\",\"isPartOf\":{\"@id\":\"https:\\\/\\\/agafrank.pl\\\/?p=282\"},\"author\":{\"name\":\"Aga\",\"@id\":\"https:\\\/\\\/agafrank.pl\\\/#\\\/schema\\\/person\\\/86f157a40daf141245423c681e2f82fc\"},\"headline\":\"Idealny dzie\u0144 pisarski \u2013 jak wygl\u0105da\u0142by m\u00f3j tw\u00f3rczy rytua\u0142?\",\"datePublished\":\"2025-03-05T09:16:42+00:00\",\"dateModified\":\"2025-03-05T09:16:43+00:00\",\"mainEntityOfPage\":{\"@id\":\"https:\\\/\\\/agafrank.pl\\\/?p=282\"},\"wordCount\":589,\"commentCount\":1,\"publisher\":{\"@id\":\"https:\\\/\\\/agafrank.pl\\\/#\\\/schema\\\/person\\\/86f157a40daf141245423c681e2f82fc\"},\"image\":{\"@id\":\"https:\\\/\\\/agafrank.pl\\\/?p=282#primaryimage\"},\"thumbnailUrl\":\"https:\\\/\\\/agafrank.pl\\\/wp-content\\\/uploads\\\/2025\\\/03\\\/grafika45.jpg\",\"keywords\":[\"inspiracje\",\"marzenia\",\"Pasja pisania\",\"pisanie\",\"wattpad\"],\"articleSection\":[\"Lu\u017ane przemy\u015blenia\",\"O moim pisaniu\"],\"inLanguage\":\"en-US\",\"potentialAction\":[{\"@type\":\"CommentAction\",\"name\":\"Comment\",\"target\":[\"https:\\\/\\\/agafrank.pl\\\/?p=282#respond\"]}]},{\"@type\":\"WebPage\",\"@id\":\"https:\\\/\\\/agafrank.pl\\\/?p=282\",\"url\":\"https:\\\/\\\/agafrank.pl\\\/?p=282\",\"name\":\"Idealny dzie\u0144 pisarski \u2013 jak wygl\u0105da\u0142by tw\u00f3rczy rytua\u0142?\",\"isPartOf\":{\"@id\":\"https:\\\/\\\/agafrank.pl\\\/#website\"},\"primaryImageOfPage\":{\"@id\":\"https:\\\/\\\/agafrank.pl\\\/?p=282#primaryimage\"},\"image\":{\"@id\":\"https:\\\/\\\/agafrank.pl\\\/?p=282#primaryimage\"},\"thumbnailUrl\":\"https:\\\/\\\/agafrank.pl\\\/wp-content\\\/uploads\\\/2025\\\/03\\\/grafika45.jpg\",\"datePublished\":\"2025-03-05T09:16:42+00:00\",\"dateModified\":\"2025-03-05T09:16:43+00:00\",\"description\":\"Idealny dzie\u0144 pisarski to cisza, inspiracja i brak ogranicze\u0144. Jak wygl\u0105da\u0142by m\u00f3j tw\u00f3rczy rytua\u0142? Przeczytaj i poznaj moje pisarskie marzenie!\",\"breadcrumb\":{\"@id\":\"https:\\\/\\\/agafrank.pl\\\/?p=282#breadcrumb\"},\"inLanguage\":\"en-US\",\"potentialAction\":[{\"@type\":\"ReadAction\",\"target\":[\"https:\\\/\\\/agafrank.pl\\\/?p=282\"]}]},{\"@type\":\"ImageObject\",\"inLanguage\":\"en-US\",\"@id\":\"https:\\\/\\\/agafrank.pl\\\/?p=282#primaryimage\",\"url\":\"https:\\\/\\\/agafrank.pl\\\/wp-content\\\/uploads\\\/2025\\\/03\\\/grafika45.jpg\",\"contentUrl\":\"https:\\\/\\\/agafrank.pl\\\/wp-content\\\/uploads\\\/2025\\\/03\\\/grafika45.jpg\",\"width\":1772,\"height\":1181,\"caption\":\"Idealny dzie\u0144 pisarski \u2013 tw\u00f3rcza przestrze\u0144, cisza i inspiracja\"},{\"@type\":\"BreadcrumbList\",\"@id\":\"https:\\\/\\\/agafrank.pl\\\/?p=282#breadcrumb\",\"itemListElement\":[{\"@type\":\"ListItem\",\"position\":1,\"name\":\"Home\",\"item\":\"https:\\\/\\\/agafrank.pl\\\/\"},{\"@type\":\"ListItem\",\"position\":2,\"name\":\"Idealny dzie\u0144 pisarski \u2013 jak wygl\u0105da\u0142by m\u00f3j tw\u00f3rczy rytua\u0142?\"}]},{\"@type\":\"WebSite\",\"@id\":\"https:\\\/\\\/agafrank.pl\\\/#website\",\"url\":\"https:\\\/\\\/agafrank.pl\\\/\",\"name\":\"Aga Frank\",\"description\":\"Pisz\u0119, bo lubi\u0119...\",\"publisher\":{\"@id\":\"https:\\\/\\\/agafrank.pl\\\/#\\\/schema\\\/person\\\/86f157a40daf141245423c681e2f82fc\"},\"potentialAction\":[{\"@type\":\"SearchAction\",\"target\":{\"@type\":\"EntryPoint\",\"urlTemplate\":\"https:\\\/\\\/agafrank.pl\\\/?s={search_term_string}\"},\"query-input\":{\"@type\":\"PropertyValueSpecification\",\"valueRequired\":true,\"valueName\":\"search_term_string\"}}],\"inLanguage\":\"en-US\"},{\"@type\":[\"Person\",\"Organization\"],\"@id\":\"https:\\\/\\\/agafrank.pl\\\/#\\\/schema\\\/person\\\/86f157a40daf141245423c681e2f82fc\",\"name\":\"Aga\",\"image\":{\"@type\":\"ImageObject\",\"inLanguage\":\"en-US\",\"@id\":\"https:\\\/\\\/agafrank.pl\\\/wp-content\\\/uploads\\\/2024\\\/08\\\/grafika6.jpg\",\"url\":\"https:\\\/\\\/agafrank.pl\\\/wp-content\\\/uploads\\\/2024\\\/08\\\/grafika6.jpg\",\"contentUrl\":\"https:\\\/\\\/agafrank.pl\\\/wp-content\\\/uploads\\\/2024\\\/08\\\/grafika6.jpg\",\"width\":1772,\"height\":1181,\"caption\":\"Aga\"},\"logo\":{\"@id\":\"https:\\\/\\\/agafrank.pl\\\/wp-content\\\/uploads\\\/2024\\\/08\\\/grafika6.jpg\"},\"sameAs\":[\"http:\\\/\\\/agafrank.pl\",\"www.instagram.com\\\/agafrank\"],\"url\":\"https:\\\/\\\/agafrank.pl\\\/?author=2\"}]}<\/script>\n<!-- \/ Yoast SEO plugin. -->","yoast_head_json":{"title":"Idealny dzie\u0144 pisarski \u2013 jak wygl\u0105da\u0142by tw\u00f3rczy rytua\u0142?","description":"Idealny dzie\u0144 pisarski to cisza, inspiracja i brak ogranicze\u0144. Jak wygl\u0105da\u0142by m\u00f3j tw\u00f3rczy rytua\u0142? Przeczytaj i poznaj moje pisarskie marzenie!","robots":{"index":"index","follow":"follow","max-snippet":"max-snippet:-1","max-image-preview":"max-image-preview:large","max-video-preview":"max-video-preview:-1"},"canonical":"https:\/\/agafrank.pl\/?p=282","og_locale":"en_US","og_type":"article","og_title":"Idealny dzie\u0144 pisarski \u2013 jak wygl\u0105da\u0142by tw\u00f3rczy rytua\u0142?","og_description":"Idealny dzie\u0144 pisarski to cisza, inspiracja i brak ogranicze\u0144. Jak wygl\u0105da\u0142by m\u00f3j tw\u00f3rczy rytua\u0142? Przeczytaj i poznaj moje pisarskie marzenie!","og_url":"https:\/\/agafrank.pl\/?p=282","og_site_name":"Aga Frank","article_published_time":"2025-03-05T09:16:42+00:00","article_modified_time":"2025-03-05T09:16:43+00:00","og_image":[{"width":1772,"height":1181,"url":"https:\/\/agafrank.pl\/wp-content\/uploads\/2025\/03\/grafika45.jpg","type":"image\/jpeg"}],"author":"Aga","twitter_card":"summary_large_image","twitter_misc":{"Written by":"Aga","Est. reading time":"3 minutes"},"schema":{"@context":"https:\/\/schema.org","@graph":[{"@type":"Article","@id":"https:\/\/agafrank.pl\/?p=282#article","isPartOf":{"@id":"https:\/\/agafrank.pl\/?p=282"},"author":{"name":"Aga","@id":"https:\/\/agafrank.pl\/#\/schema\/person\/86f157a40daf141245423c681e2f82fc"},"headline":"Idealny dzie\u0144 pisarski \u2013 jak wygl\u0105da\u0142by m\u00f3j tw\u00f3rczy rytua\u0142?","datePublished":"2025-03-05T09:16:42+00:00","dateModified":"2025-03-05T09:16:43+00:00","mainEntityOfPage":{"@id":"https:\/\/agafrank.pl\/?p=282"},"wordCount":589,"commentCount":1,"publisher":{"@id":"https:\/\/agafrank.pl\/#\/schema\/person\/86f157a40daf141245423c681e2f82fc"},"image":{"@id":"https:\/\/agafrank.pl\/?p=282#primaryimage"},"thumbnailUrl":"https:\/\/agafrank.pl\/wp-content\/uploads\/2025\/03\/grafika45.jpg","keywords":["inspiracje","marzenia","Pasja pisania","pisanie","wattpad"],"articleSection":["Lu\u017ane przemy\u015blenia","O moim pisaniu"],"inLanguage":"en-US","potentialAction":[{"@type":"CommentAction","name":"Comment","target":["https:\/\/agafrank.pl\/?p=282#respond"]}]},{"@type":"WebPage","@id":"https:\/\/agafrank.pl\/?p=282","url":"https:\/\/agafrank.pl\/?p=282","name":"Idealny dzie\u0144 pisarski \u2013 jak wygl\u0105da\u0142by tw\u00f3rczy rytua\u0142?","isPartOf":{"@id":"https:\/\/agafrank.pl\/#website"},"primaryImageOfPage":{"@id":"https:\/\/agafrank.pl\/?p=282#primaryimage"},"image":{"@id":"https:\/\/agafrank.pl\/?p=282#primaryimage"},"thumbnailUrl":"https:\/\/agafrank.pl\/wp-content\/uploads\/2025\/03\/grafika45.jpg","datePublished":"2025-03-05T09:16:42+00:00","dateModified":"2025-03-05T09:16:43+00:00","description":"Idealny dzie\u0144 pisarski to cisza, inspiracja i brak ogranicze\u0144. Jak wygl\u0105da\u0142by m\u00f3j tw\u00f3rczy rytua\u0142? Przeczytaj i poznaj moje pisarskie marzenie!","breadcrumb":{"@id":"https:\/\/agafrank.pl\/?p=282#breadcrumb"},"inLanguage":"en-US","potentialAction":[{"@type":"ReadAction","target":["https:\/\/agafrank.pl\/?p=282"]}]},{"@type":"ImageObject","inLanguage":"en-US","@id":"https:\/\/agafrank.pl\/?p=282#primaryimage","url":"https:\/\/agafrank.pl\/wp-content\/uploads\/2025\/03\/grafika45.jpg","contentUrl":"https:\/\/agafrank.pl\/wp-content\/uploads\/2025\/03\/grafika45.jpg","width":1772,"height":1181,"caption":"Idealny dzie\u0144 pisarski \u2013 tw\u00f3rcza przestrze\u0144, cisza i inspiracja"},{"@type":"BreadcrumbList","@id":"https:\/\/agafrank.pl\/?p=282#breadcrumb","itemListElement":[{"@type":"ListItem","position":1,"name":"Home","item":"https:\/\/agafrank.pl\/"},{"@type":"ListItem","position":2,"name":"Idealny dzie\u0144 pisarski \u2013 jak wygl\u0105da\u0142by m\u00f3j tw\u00f3rczy rytua\u0142?"}]},{"@type":"WebSite","@id":"https:\/\/agafrank.pl\/#website","url":"https:\/\/agafrank.pl\/","name":"Aga Frank","description":"Pisz\u0119, bo lubi\u0119...","publisher":{"@id":"https:\/\/agafrank.pl\/#\/schema\/person\/86f157a40daf141245423c681e2f82fc"},"potentialAction":[{"@type":"SearchAction","target":{"@type":"EntryPoint","urlTemplate":"https:\/\/agafrank.pl\/?s={search_term_string}"},"query-input":{"@type":"PropertyValueSpecification","valueRequired":true,"valueName":"search_term_string"}}],"inLanguage":"en-US"},{"@type":["Person","Organization"],"@id":"https:\/\/agafrank.pl\/#\/schema\/person\/86f157a40daf141245423c681e2f82fc","name":"Aga","image":{"@type":"ImageObject","inLanguage":"en-US","@id":"https:\/\/agafrank.pl\/wp-content\/uploads\/2024\/08\/grafika6.jpg","url":"https:\/\/agafrank.pl\/wp-content\/uploads\/2024\/08\/grafika6.jpg","contentUrl":"https:\/\/agafrank.pl\/wp-content\/uploads\/2024\/08\/grafika6.jpg","width":1772,"height":1181,"caption":"Aga"},"logo":{"@id":"https:\/\/agafrank.pl\/wp-content\/uploads\/2024\/08\/grafika6.jpg"},"sameAs":["http:\/\/agafrank.pl","www.instagram.com\/agafrank"],"url":"https:\/\/agafrank.pl\/?author=2"}]}},"_links":{"self":[{"href":"https:\/\/agafrank.pl\/index.php?rest_route=\/wp\/v2\/posts\/282","targetHints":{"allow":["GET"]}}],"collection":[{"href":"https:\/\/agafrank.pl\/index.php?rest_route=\/wp\/v2\/posts"}],"about":[{"href":"https:\/\/agafrank.pl\/index.php?rest_route=\/wp\/v2\/types\/post"}],"author":[{"embeddable":true,"href":"https:\/\/agafrank.pl\/index.php?rest_route=\/wp\/v2\/users\/2"}],"replies":[{"embeddable":true,"href":"https:\/\/agafrank.pl\/index.php?rest_route=%2Fwp%2Fv2%2Fcomments&post=282"}],"version-history":[{"count":1,"href":"https:\/\/agafrank.pl\/index.php?rest_route=\/wp\/v2\/posts\/282\/revisions"}],"predecessor-version":[{"id":284,"href":"https:\/\/agafrank.pl\/index.php?rest_route=\/wp\/v2\/posts\/282\/revisions\/284"}],"wp:featuredmedia":[{"embeddable":true,"href":"https:\/\/agafrank.pl\/index.php?rest_route=\/wp\/v2\/media\/283"}],"wp:attachment":[{"href":"https:\/\/agafrank.pl\/index.php?rest_route=%2Fwp%2Fv2%2Fmedia&parent=282"}],"wp:term":[{"taxonomy":"category","embeddable":true,"href":"https:\/\/agafrank.pl\/index.php?rest_route=%2Fwp%2Fv2%2Fcategories&post=282"},{"taxonomy":"post_tag","embeddable":true,"href":"https:\/\/agafrank.pl\/index.php?rest_route=%2Fwp%2Fv2%2Ftags&post=282"}],"curies":[{"name":"wp","href":"https:\/\/api.w.org\/{rel}","templated":true}]}}