{"id":279,"date":"2025-03-03T15:50:04","date_gmt":"2025-03-03T14:50:04","guid":{"rendered":"https:\/\/agafrank.pl\/?p=279"},"modified":"2025-03-03T15:50:05","modified_gmt":"2025-03-03T14:50:05","slug":"powrot-do-pisania-po-przerwie","status":"publish","type":"post","link":"https:\/\/agafrank.pl\/?p=279","title":{"rendered":"Powr\u00f3t do pisania po przerwie \u2013 gdzie by\u0142am i co dalej?"},"content":{"rendered":"\n<p>D\u0142ugo mnie nie by\u0142o \u2013 a\u017c ponad miesi\u0105c! Z jednej strony czu\u0142am, \u017ce ten czas mign\u0105\u0142 mi jak sekunda, z drugiej\u2026 mia\u0142am wra\u017cenie, \u017ce min\u0119\u0142a ca\u0142a epoka. Choroba, praca, urlop \u2013 to wszystko skutecznie odci\u0105gn\u0119\u0142o mnie od bloga i Wattpada, ale nareszcie wracam i mam Wam sporo do opowiedzenia.<\/p>\n\n\n\n<h2 class=\"wp-block-heading\"><strong>Najpierw choroba, potem reset<\/strong><\/h2>\n\n\n\n<p>Moja nieobecno\u015b\u0107 zacz\u0119\u0142a si\u0119 od klasycznej zimowej przypad\u0142o\u015bci: najpierw grypa, potem oskrzela \u2013 pe\u0142en pakiet. To, co mia\u0142o by\u0107 \u201ekilkoma dniami odpoczynku\u201d, zamieni\u0142o si\u0119 w d\u0142ug\u0105 walk\u0119 z infekcj\u0105, kt\u00f3rej skutki czuj\u0119 do dzi\u015b. Ale praca nie poczeka, a ja, prowadz\u0105c w\u0142asn\u0105 firm\u0119, nie mam luksusu L4 \u2013 wi\u0119c kiedy mog\u0142am, dzia\u0142a\u0142am, kiedy nie mog\u0142am\u2026 no c\u00f3\u017c, znajdowa\u0142am chwil\u0119 na regeneracj\u0119 (dos\u0142ownie chwil\u0119!).<\/p>\n\n\n\n<p>Na szcz\u0119\u015bcie po tej walce przyszed\u0142 czas na co\u015b przyjemniejszego \u2013 urlop. Oderwanie si\u0119 od rzeczywisto\u015bci by\u0142o tym, czego najbardziej potrzebowa\u0142am. Czasem jedynym skutecznym lekarstwem jest po prostu <strong>wy\u0142\u0105czenie telefonu, zmiana otoczenia i g\u0142\u0119boki oddech<\/strong>. Czy co\u015b si\u0119 zmieni\u0142o po powrocie? Niekoniecznie \u2013 \u015bwiat dalej p\u0119dzi swoim tempem \u2013 ale przynajmniej ja wr\u00f3ci\u0142am z now\u0105 energi\u0105.<\/p>\n\n\n\n<h2 class=\"wp-block-heading\"><strong>Czy t\u0119skni\u0142am za pisaniem? Oczywi\u015bcie!<\/strong><\/h2>\n\n\n\n<p>Nie ukrywam \u2013 przez chwil\u0119 pr\u00f3bowa\u0142am ca\u0142kowicie odci\u0105\u0107 si\u0119 od pisania. I wiecie co? <strong>Nie da si\u0119.<\/strong> Nie w moim przypadku. To nie jest co\u015b, co mo\u017cna od\u0142o\u017cy\u0107 na p\u00f3\u0142k\u0119 i zapomnie\u0107 \u2013 pr\u0119dzej czy p\u00f3\u017aniej g\u0142owa sama zaczyna podsuwa\u0107 nowe pomys\u0142y, bohaterowie dopominaj\u0105 si\u0119 o swoje losy, a palce rw\u0105 si\u0119 do klawiatury.<\/p>\n\n\n\n<p>Teraz, gdy wracam do rutyny, mam przed sob\u0105 kilka plan\u00f3w:<\/p>\n\n\n\n<ul class=\"wp-block-list\">\n<li><strong>Na blogu<\/strong> \u2013 chc\u0119 dalej przeplata\u0107 wpisy osobiste z tymi o pisaniu. Nie zamierzam nic zmienia\u0107 w koncepcji \u2013 to dzia\u0142a i dobrze si\u0119 w tym czuj\u0119.<\/li>\n\n\n\n<li><strong>Na Wattpadzie<\/strong> \u2013 wracaj\u0105 <strong>Niewidzialne sieci<\/strong>! Kolejne rozdzia\u0142y ju\u017c w drodze (<a href=\"https:\/\/www.wattpad.com\/story\/377854054-niewidzialne-sieci\">czytaj tutaj<\/a>). Ksi\u0105\u017cka jest ju\u017c napisana, ale nie jestem do ko\u0144ca zadowolona z zako\u0144czenia \u2013 czekam wi\u0119c na Wasze komentarze i konstruktywn\u0105 krytyk\u0119. Lubi\u0119 wiedzie\u0107, co mog\u0119 poprawi\u0107, by historia by\u0142a jeszcze lepsza.<\/li>\n\n\n\n<li><strong>Nowy projekt<\/strong> \u2013 intensywnie pracuj\u0119 nad <strong>drugim tomem \u201ePod cieniem tajemnic\u201d<\/strong> (<a href=\"https:\/\/agafrank.pl\/?cat=26\">zajrzyj tutaj<\/a>). Jestem ju\u017c w po\u0142owie i mam nadziej\u0119, \u017ce ta kontynuacja spodoba si\u0119 czytelnikom r\u00f3wnie mocno, co pierwszy tom.<\/li>\n<\/ul>\n\n\n\n<h2 class=\"wp-block-heading\"><strong>Pomys\u0142\u00f3w mam wi\u0119cej ni\u017c czasu<\/strong><\/h2>\n\n\n\n<p>Odpocz\u0119\u0142am, ale nie oznacza to, \u017ce teraz magicznie zyska\u0142am dodatkowe godziny w dobie. <strong>Czas wci\u0105\u017c jest moim najwi\u0119kszym wyzwaniem.<\/strong> Mam absorbuj\u0105c\u0105 prac\u0119, a pisanie \u2013 cho\u0107 uwielbiam \u2013 jest czym\u015b, na co musz\u0119 wyrywa\u0107 chwile z codziennych obowi\u0105zk\u00f3w. Wi\u0119c czy mam wielkie plany na organizacj\u0119? Nie. <strong>Mam tyle czasu, ile mam \u2013 i na razie musz\u0119 si\u0119 z tym pogodzi\u0107.<\/strong><\/p>\n\n\n\n<h2 class=\"wp-block-heading\"><strong>Dzie\u0144 Pisarza \u2013 \u015bwi\u0119tujemy!<\/strong><\/h2>\n\n\n\n<p>Dzi\u015b jest <strong>Dzie\u0144 Pisarza<\/strong>, wi\u0119c przy okazji \u017cycz\u0119 wszystkim tw\u00f3rczym duszom morza inspiracji, nieko\u0144cz\u0105cej si\u0119 weny i oczywi\u015bcie czytelnik\u00f3w, kt\u00f3rzy potrafi\u0105 doceni\u0107 ka\u017cd\u0105 napisan\u0105 linijk\u0119!<\/p>\n\n\n\n<p>Dzi\u0119kuj\u0119, \u017ce jeste\u015bcie tu ze mn\u0105 \u2013 mam nadziej\u0119, \u017ce teraz ju\u017c regularnie b\u0119d\u0119 si\u0119 pojawia\u0107 i <strong>nie dam Wam o sobie zapomnie\u0107!<\/strong> \ud83d\ude0a<\/p>\n","protected":false},"excerpt":{"rendered":"<p>D\u0142ugo mnie nie by\u0142o \u2013 a\u017c ponad miesi\u0105c! Z jednej strony czu\u0142am, \u017ce ten czas mign\u0105\u0142 mi jak sekunda, z drugiej\u2026 mia\u0142am wra\u017cenie, \u017ce min\u0119\u0142a ca\u0142a epoka. Choroba, praca, urlop \u2013 to wszystko skutecznie odci\u0105gn\u0119\u0142o mnie od bloga i Wattpada, ale nareszcie wracam i mam Wam sporo do opowiedzenia. Najpierw choroba, potem reset Moja nieobecno\u015b\u0107&#8230;<\/p>\n","protected":false},"author":2,"featured_media":280,"comment_status":"open","ping_status":"open","sticky":false,"template":"","format":"standard","meta":{"footnotes":""},"categories":[54,27],"tags":[11,5,7,43,6],"class_list":["post-279","post","type-post","status-publish","format-standard","has-post-thumbnail","hentry","category-luzne-przemyslenia","category-moje-pisanie","tag-aga-frank","tag-pasja-do-pisania","tag-pisanie","tag-poniedzialki","tag-wattpad"],"yoast_head":"<!-- This site is optimized with the Yoast SEO plugin v27.5 - https:\/\/yoast.com\/product\/yoast-seo-wordpress\/ -->\n<title>Powr\u00f3t do pisania po przerwie \u2013 dlaczego mnie nie by\u0142o?<\/title>\n<meta name=\"description\" content=\"Powr\u00f3t do pisania po przerwie! Choroba i urlop sprawi\u0142y, \u017ce na chwil\u0119 znikn\u0119\u0142am, ale ju\u017c wracam. Sprawd\u017a, co nowego na blogu i co pisz\u0119 dalej!\" \/>\n<meta name=\"robots\" content=\"index, follow, max-snippet:-1, max-image-preview:large, max-video-preview:-1\" \/>\n<link rel=\"canonical\" href=\"https:\/\/agafrank.pl\/?p=279\" \/>\n<meta property=\"og:locale\" content=\"en_US\" \/>\n<meta property=\"og:type\" content=\"article\" \/>\n<meta property=\"og:title\" content=\"Powr\u00f3t do pisania po przerwie \u2013 dlaczego mnie nie by\u0142o?\" \/>\n<meta property=\"og:description\" content=\"Powr\u00f3t do pisania po przerwie! Choroba i urlop sprawi\u0142y, \u017ce na chwil\u0119 znikn\u0119\u0142am, ale ju\u017c wracam. Sprawd\u017a, co nowego na blogu i co pisz\u0119 dalej!\" \/>\n<meta property=\"og:url\" content=\"https:\/\/agafrank.pl\/?p=279\" \/>\n<meta property=\"og:site_name\" content=\"Aga Frank\" \/>\n<meta property=\"article:published_time\" content=\"2025-03-03T14:50:04+00:00\" \/>\n<meta property=\"article:modified_time\" content=\"2025-03-03T14:50:05+00:00\" \/>\n<meta property=\"og:image\" content=\"https:\/\/agafrank.pl\/wp-content\/uploads\/2025\/03\/grafika44.jpg\" \/>\n\t<meta property=\"og:image:width\" content=\"1772\" \/>\n\t<meta property=\"og:image:height\" content=\"1181\" \/>\n\t<meta property=\"og:image:type\" content=\"image\/jpeg\" \/>\n<meta name=\"author\" content=\"Aga\" \/>\n<meta name=\"twitter:card\" content=\"summary_large_image\" \/>\n<meta name=\"twitter:label1\" content=\"Written by\" \/>\n\t<meta name=\"twitter:data1\" content=\"Aga\" \/>\n\t<meta name=\"twitter:label2\" content=\"Est. reading time\" \/>\n\t<meta name=\"twitter:data2\" content=\"3 minutes\" \/>\n<script type=\"application\/ld+json\" class=\"yoast-schema-graph\">{\"@context\":\"https:\\\/\\\/schema.org\",\"@graph\":[{\"@type\":\"Article\",\"@id\":\"https:\\\/\\\/agafrank.pl\\\/?p=279#article\",\"isPartOf\":{\"@id\":\"https:\\\/\\\/agafrank.pl\\\/?p=279\"},\"author\":{\"name\":\"Aga\",\"@id\":\"https:\\\/\\\/agafrank.pl\\\/#\\\/schema\\\/person\\\/86f157a40daf141245423c681e2f82fc\"},\"headline\":\"Powr\u00f3t do pisania po przerwie \u2013 gdzie by\u0142am i co dalej?\",\"datePublished\":\"2025-03-03T14:50:04+00:00\",\"dateModified\":\"2025-03-03T14:50:05+00:00\",\"mainEntityOfPage\":{\"@id\":\"https:\\\/\\\/agafrank.pl\\\/?p=279\"},\"wordCount\":535,\"commentCount\":0,\"publisher\":{\"@id\":\"https:\\\/\\\/agafrank.pl\\\/#\\\/schema\\\/person\\\/86f157a40daf141245423c681e2f82fc\"},\"image\":{\"@id\":\"https:\\\/\\\/agafrank.pl\\\/?p=279#primaryimage\"},\"thumbnailUrl\":\"https:\\\/\\\/agafrank.pl\\\/wp-content\\\/uploads\\\/2025\\\/03\\\/grafika44.jpg\",\"keywords\":[\"Aga Frank\",\"Pasja do pisania\",\"pisanie\",\"poniedzia\u0142ki\",\"wattpad\"],\"articleSection\":[\"Lu\u017ane przemy\u015blenia\",\"O moim pisaniu\"],\"inLanguage\":\"en-US\",\"potentialAction\":[{\"@type\":\"CommentAction\",\"name\":\"Comment\",\"target\":[\"https:\\\/\\\/agafrank.pl\\\/?p=279#respond\"]}]},{\"@type\":\"WebPage\",\"@id\":\"https:\\\/\\\/agafrank.pl\\\/?p=279\",\"url\":\"https:\\\/\\\/agafrank.pl\\\/?p=279\",\"name\":\"Powr\u00f3t do pisania po przerwie \u2013 dlaczego mnie nie by\u0142o?\",\"isPartOf\":{\"@id\":\"https:\\\/\\\/agafrank.pl\\\/#website\"},\"primaryImageOfPage\":{\"@id\":\"https:\\\/\\\/agafrank.pl\\\/?p=279#primaryimage\"},\"image\":{\"@id\":\"https:\\\/\\\/agafrank.pl\\\/?p=279#primaryimage\"},\"thumbnailUrl\":\"https:\\\/\\\/agafrank.pl\\\/wp-content\\\/uploads\\\/2025\\\/03\\\/grafika44.jpg\",\"datePublished\":\"2025-03-03T14:50:04+00:00\",\"dateModified\":\"2025-03-03T14:50:05+00:00\",\"description\":\"Powr\u00f3t do pisania po przerwie! Choroba i urlop sprawi\u0142y, \u017ce na chwil\u0119 znikn\u0119\u0142am, ale ju\u017c wracam. Sprawd\u017a, co nowego na blogu i co pisz\u0119 dalej!\",\"breadcrumb\":{\"@id\":\"https:\\\/\\\/agafrank.pl\\\/?p=279#breadcrumb\"},\"inLanguage\":\"en-US\",\"potentialAction\":[{\"@type\":\"ReadAction\",\"target\":[\"https:\\\/\\\/agafrank.pl\\\/?p=279\"]}]},{\"@type\":\"ImageObject\",\"inLanguage\":\"en-US\",\"@id\":\"https:\\\/\\\/agafrank.pl\\\/?p=279#primaryimage\",\"url\":\"https:\\\/\\\/agafrank.pl\\\/wp-content\\\/uploads\\\/2025\\\/03\\\/grafika44.jpg\",\"contentUrl\":\"https:\\\/\\\/agafrank.pl\\\/wp-content\\\/uploads\\\/2025\\\/03\\\/grafika44.jpg\",\"width\":1772,\"height\":1181,\"caption\":\"Powr\u00f3t do pisania po przerwie \u2013 nowe plany i kolejne rozdzia\u0142y na Wattpadzie\"},{\"@type\":\"BreadcrumbList\",\"@id\":\"https:\\\/\\\/agafrank.pl\\\/?p=279#breadcrumb\",\"itemListElement\":[{\"@type\":\"ListItem\",\"position\":1,\"name\":\"Home\",\"item\":\"https:\\\/\\\/agafrank.pl\\\/\"},{\"@type\":\"ListItem\",\"position\":2,\"name\":\"Powr\u00f3t do pisania po przerwie \u2013 gdzie by\u0142am i co dalej?\"}]},{\"@type\":\"WebSite\",\"@id\":\"https:\\\/\\\/agafrank.pl\\\/#website\",\"url\":\"https:\\\/\\\/agafrank.pl\\\/\",\"name\":\"Aga Frank\",\"description\":\"Pisz\u0119, bo lubi\u0119...\",\"publisher\":{\"@id\":\"https:\\\/\\\/agafrank.pl\\\/#\\\/schema\\\/person\\\/86f157a40daf141245423c681e2f82fc\"},\"potentialAction\":[{\"@type\":\"SearchAction\",\"target\":{\"@type\":\"EntryPoint\",\"urlTemplate\":\"https:\\\/\\\/agafrank.pl\\\/?s={search_term_string}\"},\"query-input\":{\"@type\":\"PropertyValueSpecification\",\"valueRequired\":true,\"valueName\":\"search_term_string\"}}],\"inLanguage\":\"en-US\"},{\"@type\":[\"Person\",\"Organization\"],\"@id\":\"https:\\\/\\\/agafrank.pl\\\/#\\\/schema\\\/person\\\/86f157a40daf141245423c681e2f82fc\",\"name\":\"Aga\",\"image\":{\"@type\":\"ImageObject\",\"inLanguage\":\"en-US\",\"@id\":\"https:\\\/\\\/agafrank.pl\\\/wp-content\\\/uploads\\\/2024\\\/08\\\/grafika6.jpg\",\"url\":\"https:\\\/\\\/agafrank.pl\\\/wp-content\\\/uploads\\\/2024\\\/08\\\/grafika6.jpg\",\"contentUrl\":\"https:\\\/\\\/agafrank.pl\\\/wp-content\\\/uploads\\\/2024\\\/08\\\/grafika6.jpg\",\"width\":1772,\"height\":1181,\"caption\":\"Aga\"},\"logo\":{\"@id\":\"https:\\\/\\\/agafrank.pl\\\/wp-content\\\/uploads\\\/2024\\\/08\\\/grafika6.jpg\"},\"sameAs\":[\"http:\\\/\\\/agafrank.pl\",\"www.instagram.com\\\/agafrank\"],\"url\":\"https:\\\/\\\/agafrank.pl\\\/?author=2\"}]}<\/script>\n<!-- \/ Yoast SEO plugin. -->","yoast_head_json":{"title":"Powr\u00f3t do pisania po przerwie \u2013 dlaczego mnie nie by\u0142o?","description":"Powr\u00f3t do pisania po przerwie! Choroba i urlop sprawi\u0142y, \u017ce na chwil\u0119 znikn\u0119\u0142am, ale ju\u017c wracam. Sprawd\u017a, co nowego na blogu i co pisz\u0119 dalej!","robots":{"index":"index","follow":"follow","max-snippet":"max-snippet:-1","max-image-preview":"max-image-preview:large","max-video-preview":"max-video-preview:-1"},"canonical":"https:\/\/agafrank.pl\/?p=279","og_locale":"en_US","og_type":"article","og_title":"Powr\u00f3t do pisania po przerwie \u2013 dlaczego mnie nie by\u0142o?","og_description":"Powr\u00f3t do pisania po przerwie! Choroba i urlop sprawi\u0142y, \u017ce na chwil\u0119 znikn\u0119\u0142am, ale ju\u017c wracam. Sprawd\u017a, co nowego na blogu i co pisz\u0119 dalej!","og_url":"https:\/\/agafrank.pl\/?p=279","og_site_name":"Aga Frank","article_published_time":"2025-03-03T14:50:04+00:00","article_modified_time":"2025-03-03T14:50:05+00:00","og_image":[{"width":1772,"height":1181,"url":"https:\/\/agafrank.pl\/wp-content\/uploads\/2025\/03\/grafika44.jpg","type":"image\/jpeg"}],"author":"Aga","twitter_card":"summary_large_image","twitter_misc":{"Written by":"Aga","Est. reading time":"3 minutes"},"schema":{"@context":"https:\/\/schema.org","@graph":[{"@type":"Article","@id":"https:\/\/agafrank.pl\/?p=279#article","isPartOf":{"@id":"https:\/\/agafrank.pl\/?p=279"},"author":{"name":"Aga","@id":"https:\/\/agafrank.pl\/#\/schema\/person\/86f157a40daf141245423c681e2f82fc"},"headline":"Powr\u00f3t do pisania po przerwie \u2013 gdzie by\u0142am i co dalej?","datePublished":"2025-03-03T14:50:04+00:00","dateModified":"2025-03-03T14:50:05+00:00","mainEntityOfPage":{"@id":"https:\/\/agafrank.pl\/?p=279"},"wordCount":535,"commentCount":0,"publisher":{"@id":"https:\/\/agafrank.pl\/#\/schema\/person\/86f157a40daf141245423c681e2f82fc"},"image":{"@id":"https:\/\/agafrank.pl\/?p=279#primaryimage"},"thumbnailUrl":"https:\/\/agafrank.pl\/wp-content\/uploads\/2025\/03\/grafika44.jpg","keywords":["Aga Frank","Pasja do pisania","pisanie","poniedzia\u0142ki","wattpad"],"articleSection":["Lu\u017ane przemy\u015blenia","O moim pisaniu"],"inLanguage":"en-US","potentialAction":[{"@type":"CommentAction","name":"Comment","target":["https:\/\/agafrank.pl\/?p=279#respond"]}]},{"@type":"WebPage","@id":"https:\/\/agafrank.pl\/?p=279","url":"https:\/\/agafrank.pl\/?p=279","name":"Powr\u00f3t do pisania po przerwie \u2013 dlaczego mnie nie by\u0142o?","isPartOf":{"@id":"https:\/\/agafrank.pl\/#website"},"primaryImageOfPage":{"@id":"https:\/\/agafrank.pl\/?p=279#primaryimage"},"image":{"@id":"https:\/\/agafrank.pl\/?p=279#primaryimage"},"thumbnailUrl":"https:\/\/agafrank.pl\/wp-content\/uploads\/2025\/03\/grafika44.jpg","datePublished":"2025-03-03T14:50:04+00:00","dateModified":"2025-03-03T14:50:05+00:00","description":"Powr\u00f3t do pisania po przerwie! Choroba i urlop sprawi\u0142y, \u017ce na chwil\u0119 znikn\u0119\u0142am, ale ju\u017c wracam. Sprawd\u017a, co nowego na blogu i co pisz\u0119 dalej!","breadcrumb":{"@id":"https:\/\/agafrank.pl\/?p=279#breadcrumb"},"inLanguage":"en-US","potentialAction":[{"@type":"ReadAction","target":["https:\/\/agafrank.pl\/?p=279"]}]},{"@type":"ImageObject","inLanguage":"en-US","@id":"https:\/\/agafrank.pl\/?p=279#primaryimage","url":"https:\/\/agafrank.pl\/wp-content\/uploads\/2025\/03\/grafika44.jpg","contentUrl":"https:\/\/agafrank.pl\/wp-content\/uploads\/2025\/03\/grafika44.jpg","width":1772,"height":1181,"caption":"Powr\u00f3t do pisania po przerwie \u2013 nowe plany i kolejne rozdzia\u0142y na Wattpadzie"},{"@type":"BreadcrumbList","@id":"https:\/\/agafrank.pl\/?p=279#breadcrumb","itemListElement":[{"@type":"ListItem","position":1,"name":"Home","item":"https:\/\/agafrank.pl\/"},{"@type":"ListItem","position":2,"name":"Powr\u00f3t do pisania po przerwie \u2013 gdzie by\u0142am i co dalej?"}]},{"@type":"WebSite","@id":"https:\/\/agafrank.pl\/#website","url":"https:\/\/agafrank.pl\/","name":"Aga Frank","description":"Pisz\u0119, bo lubi\u0119...","publisher":{"@id":"https:\/\/agafrank.pl\/#\/schema\/person\/86f157a40daf141245423c681e2f82fc"},"potentialAction":[{"@type":"SearchAction","target":{"@type":"EntryPoint","urlTemplate":"https:\/\/agafrank.pl\/?s={search_term_string}"},"query-input":{"@type":"PropertyValueSpecification","valueRequired":true,"valueName":"search_term_string"}}],"inLanguage":"en-US"},{"@type":["Person","Organization"],"@id":"https:\/\/agafrank.pl\/#\/schema\/person\/86f157a40daf141245423c681e2f82fc","name":"Aga","image":{"@type":"ImageObject","inLanguage":"en-US","@id":"https:\/\/agafrank.pl\/wp-content\/uploads\/2024\/08\/grafika6.jpg","url":"https:\/\/agafrank.pl\/wp-content\/uploads\/2024\/08\/grafika6.jpg","contentUrl":"https:\/\/agafrank.pl\/wp-content\/uploads\/2024\/08\/grafika6.jpg","width":1772,"height":1181,"caption":"Aga"},"logo":{"@id":"https:\/\/agafrank.pl\/wp-content\/uploads\/2024\/08\/grafika6.jpg"},"sameAs":["http:\/\/agafrank.pl","www.instagram.com\/agafrank"],"url":"https:\/\/agafrank.pl\/?author=2"}]}},"_links":{"self":[{"href":"https:\/\/agafrank.pl\/index.php?rest_route=\/wp\/v2\/posts\/279","targetHints":{"allow":["GET"]}}],"collection":[{"href":"https:\/\/agafrank.pl\/index.php?rest_route=\/wp\/v2\/posts"}],"about":[{"href":"https:\/\/agafrank.pl\/index.php?rest_route=\/wp\/v2\/types\/post"}],"author":[{"embeddable":true,"href":"https:\/\/agafrank.pl\/index.php?rest_route=\/wp\/v2\/users\/2"}],"replies":[{"embeddable":true,"href":"https:\/\/agafrank.pl\/index.php?rest_route=%2Fwp%2Fv2%2Fcomments&post=279"}],"version-history":[{"count":1,"href":"https:\/\/agafrank.pl\/index.php?rest_route=\/wp\/v2\/posts\/279\/revisions"}],"predecessor-version":[{"id":281,"href":"https:\/\/agafrank.pl\/index.php?rest_route=\/wp\/v2\/posts\/279\/revisions\/281"}],"wp:featuredmedia":[{"embeddable":true,"href":"https:\/\/agafrank.pl\/index.php?rest_route=\/wp\/v2\/media\/280"}],"wp:attachment":[{"href":"https:\/\/agafrank.pl\/index.php?rest_route=%2Fwp%2Fv2%2Fmedia&parent=279"}],"wp:term":[{"taxonomy":"category","embeddable":true,"href":"https:\/\/agafrank.pl\/index.php?rest_route=%2Fwp%2Fv2%2Fcategories&post=279"},{"taxonomy":"post_tag","embeddable":true,"href":"https:\/\/agafrank.pl\/index.php?rest_route=%2Fwp%2Fv2%2Ftags&post=279"}],"curies":[{"name":"wp","href":"https:\/\/api.w.org\/{rel}","templated":true}]}}