{"id":251,"date":"2025-01-02T14:42:53","date_gmt":"2025-01-02T13:42:53","guid":{"rendered":"https:\/\/agafrank.pl\/?p=251"},"modified":"2025-01-02T14:42:54","modified_gmt":"2025-01-02T13:42:54","slug":"podsumowanie-roku-2024","status":"publish","type":"post","link":"https:\/\/agafrank.pl\/?p=251","title":{"rendered":"Podsumowanie roku 2024 \u2013 rok pe\u0142en emocji, strat i nadziei"},"content":{"rendered":"\n<p>Podsumowanie roku 2024 &#8211; ten rok by\u0142 dla mnie czasem pe\u0142nym kontrast\u00f3w. Zacz\u0105\u0142 si\u0119 z nadziej\u0105, ale zako\u0144czy\u0142 wielk\u0105 strat\u0105, kt\u00f3ra odmieni\u0142a moje \u017cycie na zawsze. To by\u0142 rok pe\u0142en wyzwa\u0144, w kt\u00f3rym musia\u0142am zmierzy\u0107 si\u0119 z niepewno\u015bci\u0105, strachem i b\u00f3lem, ale jednocze\u015bnie by\u0142 to czas, kt\u00f3ry przypomnia\u0142 mi, jak silna potrafi\u0119 by\u0107, nawet w najtrudniejszych chwilach.<\/p>\n\n\n\n<p>Ca\u0142y rok up\u0142yn\u0105\u0142 pod znakiem choroby mojej mamy. Ka\u017cdy dzie\u0144 by\u0142 dla mnie wyzwaniem, balansowaniem mi\u0119dzy codziennymi obowi\u0105zkami, trosk\u0105 o ni\u0105 i pr\u00f3b\u0105 znalezienia czasu dla siebie. Czasami wydawa\u0142o mi si\u0119, \u017ce brak mi si\u0142, ale widok jej u\u015bmiechu, mimo cierpienia, dawa\u0142 mi energi\u0119, by dzia\u0142a\u0107 dalej. Ostatnie miesi\u0105ce by\u0142y szczeg\u00f3lnie trudne \u2013 opieka paliatywna, kolejne szpitale i \u015bwiadomo\u015b\u0107, \u017ce nasze wsp\u00f3lne chwile s\u0105 policzone.<\/p>\n\n\n\n<p>Mimo to uda\u0142o si\u0119 stworzy\u0107 wiele wspomnie\u0144, kt\u00f3re teraz s\u0105 dla mnie bezcenne. Sp\u0119dzili\u015bmy czas razem z rodzicami, podr\u00f3\u017cuj\u0105c, rozmawiaj\u0105c, po prostu b\u0119d\u0105c. Szczeg\u00f3lnie zapad\u0142a mi w pami\u0119\u0107 pewna sierpniowa noc, gdy siedzieli\u015bmy razem na pomo\u015bcie, patrz\u0105c na spadaj\u0105ce gwiazdy. To by\u0142y chwile pe\u0142ne spokoju i nadziei \u2013 cho\u0107 ulotne, pozostan\u0105 ze mn\u0105 na zawsze.<\/p>\n\n\n\n<h3 class=\"wp-block-heading\">Tw\u00f3rcze osi\u0105gni\u0119cia w trudnym czasie<\/h3>\n\n\n\n<p>Rok 2024 by\u0142 r\u00f3wnie\u017c rokiem, w kt\u00f3rym uda\u0142o mi si\u0119 mimo wszystko kontynuowa\u0107 tw\u00f3rczo\u015b\u0107. Uko\u0144czy\u0142am pisanie <a href=\"https:\/\/agafrank.pl\/?p=244\">\u201eNiewidzialnych sieci\u201d<\/a> i rozpocz\u0119\u0142am prac\u0119 nad drugim tomem \u201ePod cieniem tajemnic\u201d, roboczo zatytu\u0142owanym <a href=\"https:\/\/agafrank.pl\/?p=144\">\u201ePod cieniem strachu\u201d<\/a>. Pisanie sta\u0142o si\u0119 dla mnie odskoczni\u0105, miejscem, gdzie mog\u0142am zanurzy\u0107 si\u0119 w inn\u0105 rzeczywisto\u015b\u0107 i cho\u0107 na chwil\u0119 oderwa\u0107 si\u0119 od codziennych zmartwie\u0144.<\/p>\n\n\n\n<p>Tw\u00f3rcza praca w tak trudnym czasie by\u0142a dla mnie ogromnym wyzwaniem, ale jednocze\u015bnie dowodem na to, jak wa\u017cne jest dla mnie pisanie. Nawet w momentach, gdy wydawa\u0142o mi si\u0119, \u017ce nie mam si\u0142y, zawsze znajdowa\u0142am w sobie energi\u0119, by si\u0105\u015b\u0107 do klawiatury. Ka\u017cde zako\u0144czone zdanie, ka\u017cdy uko\u0144czony rozdzia\u0142 by\u0142 ma\u0142ym zwyci\u0119stwem.<\/p>\n\n\n\n<h3 class=\"wp-block-heading\">Ma\u0142e rado\u015bci i odkrycia<\/h3>\n\n\n\n<p>Ten rok nauczy\u0142 mnie cieszy\u0107 si\u0119 ma\u0142ymi rzeczami. Kr\u00f3tkie wyjazdy w g\u00f3ry, kt\u00f3re pozwala\u0142y mi z\u0142apa\u0107 oddech, wieczory z ulubionymi ksi\u0105\u017ckami i muzyk\u0105 \u2013 to wszystko pomaga\u0142o mi przetrwa\u0107 trudniejsze dni. Przeczyta\u0142am rekordowe 135 ksi\u0105\u017cek, co traktuj\u0119 jako sw\u00f3j osobisty sukces. Szczeg\u00f3lnie zapad\u0142y mi w pami\u0119\u0107 <a href=\"https:\/\/lubimyczytac.pl\/ksiazka\/5053648\/zapomniane-niedziele\">\u201eZapomniane niedziele\u201d<\/a> oraz <a href=\"https:\/\/lubimyczytac.pl\/ksiazka\/5025498\/szklane-ptaki-opowiesc-o-milosciach-krzysztofa-kamila-baczynskiego\">\u201eSzklane ptaki\u201d<\/a>.<\/p>\n\n\n\n<p>Muzycznie towarzyszy\u0142 mi Jan Jakub Orli\u0144ski i jego album <a href=\"https:\/\/open.spotify.com\/album\/4s2WoKal82N1vroBCYG5uZ\">\u201e#LetsBaRock\u201d<\/a>. Ta p\u0142yta by\u0142a dla mnie wyj\u0105tkowym odkryciem \u2013 pe\u0142na emocji, pi\u0119kna i harmonii, kt\u00f3rych tak bardzo potrzebowa\u0142am w tym roku.<\/p>\n\n\n\n<h3 class=\"wp-block-heading\">Plany na 2025<\/h3>\n\n\n\n<p>Rok 2025 b\u0119dzie inny ju\u017c z za\u0142o\u017cenia, bo to pierwszy rok bez mamy. Wiem, \u017ce jej brak b\u0119dzie odczuwalny w ka\u017cdym aspekcie \u017cycia, ale chc\u0119, by ten rok by\u0142 czasem, w kt\u00f3rym zadbam o siebie. Mam wiele plan\u00f3w \u2013 chcia\u0142abym wr\u00f3ci\u0107 do malowania, nauczy\u0107 si\u0119 nowych rzeczy i przede wszystkim skupi\u0107 si\u0119 na swoim zdrowiu.<\/p>\n\n\n\n<p>Chc\u0119, by 2025 by\u0142 rokiem rado\u015bci i spokoju. Rokiem, w kt\u00f3rym pozwol\u0119 sobie na wi\u0119cej wyjazd\u00f3w, na wi\u0119cej chwil dla siebie i na realizacj\u0119 marze\u0144, kt\u00f3re dotychczas odk\u0142ada\u0142am na p\u00f3\u017aniej.<\/p>\n\n\n\n<h3 class=\"wp-block-heading\">Refleksje na koniec<\/h3>\n\n\n\n<p>Rok 2024 by\u0142 trudny, ale r\u00f3wnie\u017c pe\u0142en lekcji. Strata mamy nauczy\u0142a mnie, jak kruche jest \u017cycie i jak wa\u017cne jest, by docenia\u0107 ka\u017cd\u0105 chwil\u0119. Mam nadziej\u0119, \u017ce nadchodz\u0105cy rok przyniesie mi spok\u00f3j i nowe mo\u017cliwo\u015bci.<\/p>\n\n\n\n<p>Dzi\u0119kuj\u0119 Wam wszystkim, kt\u00f3rzy byli\u015bcie ze mn\u0105 w tym roku \u2013 Wasze wsparcie znaczy dla mnie wi\u0119cej, ni\u017c mog\u0142abym wyrazi\u0107 s\u0142owami. Mam nadziej\u0119, \u017ce razem wkroczymy w 2025 z now\u0105 energi\u0105 i nadziej\u0105.<\/p>\n","protected":false},"excerpt":{"rendered":"<p>Podsumowanie roku 2024 &#8211; ten rok by\u0142 dla mnie czasem pe\u0142nym kontrast\u00f3w. Zacz\u0105\u0142 si\u0119 z nadziej\u0105, ale zako\u0144czy\u0142 wielk\u0105 strat\u0105, kt\u00f3ra odmieni\u0142a moje \u017cycie na zawsze. To by\u0142 rok pe\u0142en wyzwa\u0144, w kt\u00f3rym musia\u0142am zmierzy\u0107 si\u0119 z niepewno\u015bci\u0105, strachem i b\u00f3lem, ale jednocze\u015bnie by\u0142 to czas, kt\u00f3ry przypomnia\u0142 mi, jak silna potrafi\u0119 by\u0107, nawet w&#8230;<\/p>\n","protected":false},"author":2,"featured_media":252,"comment_status":"open","ping_status":"open","sticky":false,"template":"","format":"standard","meta":{"footnotes":""},"categories":[54],"tags":[83,11,31,84,82],"class_list":["post-251","post","type-post","status-publish","format-standard","has-post-thumbnail","hentry","category-luzne-przemyslenia","tag-83","tag-aga-frank","tag-pasja-pisania","tag-podsumowanie","tag-podsumowanie-roku"],"yoast_head":"<!-- This site is optimized with the Yoast SEO plugin v27.5 - https:\/\/yoast.com\/product\/yoast-seo-wordpress\/ -->\n<title>Podsumowanie roku 2024 \u2013 rok pe\u0142en emocji i refleksji<\/title>\n<meta name=\"description\" content=\"Rok 2024: trudno\u015bci, tw\u00f3rcze osi\u0105gni\u0119cia i plany na przysz\u0142o\u015b\u0107. Przeczytaj moje osobiste podsumowanie pe\u0142ne szczerych refleksji.\" \/>\n<meta name=\"robots\" content=\"index, follow, max-snippet:-1, max-image-preview:large, max-video-preview:-1\" \/>\n<link rel=\"canonical\" href=\"https:\/\/agafrank.pl\/?p=251\" \/>\n<meta property=\"og:locale\" content=\"en_US\" \/>\n<meta property=\"og:type\" content=\"article\" \/>\n<meta property=\"og:title\" content=\"Podsumowanie roku 2024 \u2013 rok pe\u0142en emocji i refleksji\" \/>\n<meta property=\"og:description\" content=\"Rok 2024: trudno\u015bci, tw\u00f3rcze osi\u0105gni\u0119cia i plany na przysz\u0142o\u015b\u0107. Przeczytaj moje osobiste podsumowanie pe\u0142ne szczerych refleksji.\" \/>\n<meta property=\"og:url\" content=\"https:\/\/agafrank.pl\/?p=251\" \/>\n<meta property=\"og:site_name\" content=\"Aga Frank\" \/>\n<meta property=\"article:published_time\" content=\"2025-01-02T13:42:53+00:00\" \/>\n<meta property=\"article:modified_time\" content=\"2025-01-02T13:42:54+00:00\" \/>\n<meta property=\"og:image\" content=\"https:\/\/agafrank.pl\/wp-content\/uploads\/2025\/01\/grafika36.jpg\" \/>\n\t<meta property=\"og:image:width\" content=\"1772\" \/>\n\t<meta property=\"og:image:height\" content=\"1181\" \/>\n\t<meta property=\"og:image:type\" content=\"image\/jpeg\" \/>\n<meta name=\"author\" content=\"Aga\" \/>\n<meta name=\"twitter:card\" content=\"summary_large_image\" \/>\n<meta name=\"twitter:label1\" content=\"Written by\" \/>\n\t<meta name=\"twitter:data1\" content=\"Aga\" \/>\n\t<meta name=\"twitter:label2\" content=\"Est. reading time\" \/>\n\t<meta name=\"twitter:data2\" content=\"3 minutes\" \/>\n<script type=\"application\/ld+json\" class=\"yoast-schema-graph\">{\"@context\":\"https:\\\/\\\/schema.org\",\"@graph\":[{\"@type\":\"Article\",\"@id\":\"https:\\\/\\\/agafrank.pl\\\/?p=251#article\",\"isPartOf\":{\"@id\":\"https:\\\/\\\/agafrank.pl\\\/?p=251\"},\"author\":{\"name\":\"Aga\",\"@id\":\"https:\\\/\\\/agafrank.pl\\\/#\\\/schema\\\/person\\\/86f157a40daf141245423c681e2f82fc\"},\"headline\":\"Podsumowanie roku 2024 \u2013 rok pe\u0142en emocji, strat i nadziei\",\"datePublished\":\"2025-01-02T13:42:53+00:00\",\"dateModified\":\"2025-01-02T13:42:54+00:00\",\"mainEntityOfPage\":{\"@id\":\"https:\\\/\\\/agafrank.pl\\\/?p=251\"},\"wordCount\":651,\"commentCount\":0,\"publisher\":{\"@id\":\"https:\\\/\\\/agafrank.pl\\\/#\\\/schema\\\/person\\\/86f157a40daf141245423c681e2f82fc\"},\"image\":{\"@id\":\"https:\\\/\\\/agafrank.pl\\\/?p=251#primaryimage\"},\"thumbnailUrl\":\"https:\\\/\\\/agafrank.pl\\\/wp-content\\\/uploads\\\/2025\\\/01\\\/grafika36.jpg\",\"keywords\":[\"2024\",\"Aga Frank\",\"Pasja pisania\",\"podsumowanie\",\"podsumowanie roku\"],\"articleSection\":[\"Lu\u017ane przemy\u015blenia\"],\"inLanguage\":\"en-US\",\"potentialAction\":[{\"@type\":\"CommentAction\",\"name\":\"Comment\",\"target\":[\"https:\\\/\\\/agafrank.pl\\\/?p=251#respond\"]}]},{\"@type\":\"WebPage\",\"@id\":\"https:\\\/\\\/agafrank.pl\\\/?p=251\",\"url\":\"https:\\\/\\\/agafrank.pl\\\/?p=251\",\"name\":\"Podsumowanie roku 2024 \u2013 rok pe\u0142en emocji i refleksji\",\"isPartOf\":{\"@id\":\"https:\\\/\\\/agafrank.pl\\\/#website\"},\"primaryImageOfPage\":{\"@id\":\"https:\\\/\\\/agafrank.pl\\\/?p=251#primaryimage\"},\"image\":{\"@id\":\"https:\\\/\\\/agafrank.pl\\\/?p=251#primaryimage\"},\"thumbnailUrl\":\"https:\\\/\\\/agafrank.pl\\\/wp-content\\\/uploads\\\/2025\\\/01\\\/grafika36.jpg\",\"datePublished\":\"2025-01-02T13:42:53+00:00\",\"dateModified\":\"2025-01-02T13:42:54+00:00\",\"description\":\"Rok 2024: trudno\u015bci, tw\u00f3rcze osi\u0105gni\u0119cia i plany na przysz\u0142o\u015b\u0107. Przeczytaj moje osobiste podsumowanie pe\u0142ne szczerych refleksji.\",\"breadcrumb\":{\"@id\":\"https:\\\/\\\/agafrank.pl\\\/?p=251#breadcrumb\"},\"inLanguage\":\"en-US\",\"potentialAction\":[{\"@type\":\"ReadAction\",\"target\":[\"https:\\\/\\\/agafrank.pl\\\/?p=251\"]}]},{\"@type\":\"ImageObject\",\"inLanguage\":\"en-US\",\"@id\":\"https:\\\/\\\/agafrank.pl\\\/?p=251#primaryimage\",\"url\":\"https:\\\/\\\/agafrank.pl\\\/wp-content\\\/uploads\\\/2025\\\/01\\\/grafika36.jpg\",\"contentUrl\":\"https:\\\/\\\/agafrank.pl\\\/wp-content\\\/uploads\\\/2025\\\/01\\\/grafika36.jpg\",\"width\":1772,\"height\":1181,\"caption\":\"Podsumowanie roku 2024 \u2013 emocje, tw\u00f3rczo\u015b\u0107 i plany na przysz\u0142o\u015b\u0107\"},{\"@type\":\"BreadcrumbList\",\"@id\":\"https:\\\/\\\/agafrank.pl\\\/?p=251#breadcrumb\",\"itemListElement\":[{\"@type\":\"ListItem\",\"position\":1,\"name\":\"Home\",\"item\":\"https:\\\/\\\/agafrank.pl\\\/\"},{\"@type\":\"ListItem\",\"position\":2,\"name\":\"Podsumowanie roku 2024 \u2013 rok pe\u0142en emocji, strat i nadziei\"}]},{\"@type\":\"WebSite\",\"@id\":\"https:\\\/\\\/agafrank.pl\\\/#website\",\"url\":\"https:\\\/\\\/agafrank.pl\\\/\",\"name\":\"Aga Frank\",\"description\":\"Pisz\u0119, bo lubi\u0119...\",\"publisher\":{\"@id\":\"https:\\\/\\\/agafrank.pl\\\/#\\\/schema\\\/person\\\/86f157a40daf141245423c681e2f82fc\"},\"potentialAction\":[{\"@type\":\"SearchAction\",\"target\":{\"@type\":\"EntryPoint\",\"urlTemplate\":\"https:\\\/\\\/agafrank.pl\\\/?s={search_term_string}\"},\"query-input\":{\"@type\":\"PropertyValueSpecification\",\"valueRequired\":true,\"valueName\":\"search_term_string\"}}],\"inLanguage\":\"en-US\"},{\"@type\":[\"Person\",\"Organization\"],\"@id\":\"https:\\\/\\\/agafrank.pl\\\/#\\\/schema\\\/person\\\/86f157a40daf141245423c681e2f82fc\",\"name\":\"Aga\",\"image\":{\"@type\":\"ImageObject\",\"inLanguage\":\"en-US\",\"@id\":\"https:\\\/\\\/agafrank.pl\\\/wp-content\\\/uploads\\\/2024\\\/08\\\/grafika6.jpg\",\"url\":\"https:\\\/\\\/agafrank.pl\\\/wp-content\\\/uploads\\\/2024\\\/08\\\/grafika6.jpg\",\"contentUrl\":\"https:\\\/\\\/agafrank.pl\\\/wp-content\\\/uploads\\\/2024\\\/08\\\/grafika6.jpg\",\"width\":1772,\"height\":1181,\"caption\":\"Aga\"},\"logo\":{\"@id\":\"https:\\\/\\\/agafrank.pl\\\/wp-content\\\/uploads\\\/2024\\\/08\\\/grafika6.jpg\"},\"sameAs\":[\"http:\\\/\\\/agafrank.pl\",\"www.instagram.com\\\/agafrank\"],\"url\":\"https:\\\/\\\/agafrank.pl\\\/?author=2\"}]}<\/script>\n<!-- \/ Yoast SEO plugin. -->","yoast_head_json":{"title":"Podsumowanie roku 2024 \u2013 rok pe\u0142en emocji i refleksji","description":"Rok 2024: trudno\u015bci, tw\u00f3rcze osi\u0105gni\u0119cia i plany na przysz\u0142o\u015b\u0107. Przeczytaj moje osobiste podsumowanie pe\u0142ne szczerych refleksji.","robots":{"index":"index","follow":"follow","max-snippet":"max-snippet:-1","max-image-preview":"max-image-preview:large","max-video-preview":"max-video-preview:-1"},"canonical":"https:\/\/agafrank.pl\/?p=251","og_locale":"en_US","og_type":"article","og_title":"Podsumowanie roku 2024 \u2013 rok pe\u0142en emocji i refleksji","og_description":"Rok 2024: trudno\u015bci, tw\u00f3rcze osi\u0105gni\u0119cia i plany na przysz\u0142o\u015b\u0107. Przeczytaj moje osobiste podsumowanie pe\u0142ne szczerych refleksji.","og_url":"https:\/\/agafrank.pl\/?p=251","og_site_name":"Aga Frank","article_published_time":"2025-01-02T13:42:53+00:00","article_modified_time":"2025-01-02T13:42:54+00:00","og_image":[{"width":1772,"height":1181,"url":"https:\/\/agafrank.pl\/wp-content\/uploads\/2025\/01\/grafika36.jpg","type":"image\/jpeg"}],"author":"Aga","twitter_card":"summary_large_image","twitter_misc":{"Written by":"Aga","Est. reading time":"3 minutes"},"schema":{"@context":"https:\/\/schema.org","@graph":[{"@type":"Article","@id":"https:\/\/agafrank.pl\/?p=251#article","isPartOf":{"@id":"https:\/\/agafrank.pl\/?p=251"},"author":{"name":"Aga","@id":"https:\/\/agafrank.pl\/#\/schema\/person\/86f157a40daf141245423c681e2f82fc"},"headline":"Podsumowanie roku 2024 \u2013 rok pe\u0142en emocji, strat i nadziei","datePublished":"2025-01-02T13:42:53+00:00","dateModified":"2025-01-02T13:42:54+00:00","mainEntityOfPage":{"@id":"https:\/\/agafrank.pl\/?p=251"},"wordCount":651,"commentCount":0,"publisher":{"@id":"https:\/\/agafrank.pl\/#\/schema\/person\/86f157a40daf141245423c681e2f82fc"},"image":{"@id":"https:\/\/agafrank.pl\/?p=251#primaryimage"},"thumbnailUrl":"https:\/\/agafrank.pl\/wp-content\/uploads\/2025\/01\/grafika36.jpg","keywords":["2024","Aga Frank","Pasja pisania","podsumowanie","podsumowanie roku"],"articleSection":["Lu\u017ane przemy\u015blenia"],"inLanguage":"en-US","potentialAction":[{"@type":"CommentAction","name":"Comment","target":["https:\/\/agafrank.pl\/?p=251#respond"]}]},{"@type":"WebPage","@id":"https:\/\/agafrank.pl\/?p=251","url":"https:\/\/agafrank.pl\/?p=251","name":"Podsumowanie roku 2024 \u2013 rok pe\u0142en emocji i refleksji","isPartOf":{"@id":"https:\/\/agafrank.pl\/#website"},"primaryImageOfPage":{"@id":"https:\/\/agafrank.pl\/?p=251#primaryimage"},"image":{"@id":"https:\/\/agafrank.pl\/?p=251#primaryimage"},"thumbnailUrl":"https:\/\/agafrank.pl\/wp-content\/uploads\/2025\/01\/grafika36.jpg","datePublished":"2025-01-02T13:42:53+00:00","dateModified":"2025-01-02T13:42:54+00:00","description":"Rok 2024: trudno\u015bci, tw\u00f3rcze osi\u0105gni\u0119cia i plany na przysz\u0142o\u015b\u0107. Przeczytaj moje osobiste podsumowanie pe\u0142ne szczerych refleksji.","breadcrumb":{"@id":"https:\/\/agafrank.pl\/?p=251#breadcrumb"},"inLanguage":"en-US","potentialAction":[{"@type":"ReadAction","target":["https:\/\/agafrank.pl\/?p=251"]}]},{"@type":"ImageObject","inLanguage":"en-US","@id":"https:\/\/agafrank.pl\/?p=251#primaryimage","url":"https:\/\/agafrank.pl\/wp-content\/uploads\/2025\/01\/grafika36.jpg","contentUrl":"https:\/\/agafrank.pl\/wp-content\/uploads\/2025\/01\/grafika36.jpg","width":1772,"height":1181,"caption":"Podsumowanie roku 2024 \u2013 emocje, tw\u00f3rczo\u015b\u0107 i plany na przysz\u0142o\u015b\u0107"},{"@type":"BreadcrumbList","@id":"https:\/\/agafrank.pl\/?p=251#breadcrumb","itemListElement":[{"@type":"ListItem","position":1,"name":"Home","item":"https:\/\/agafrank.pl\/"},{"@type":"ListItem","position":2,"name":"Podsumowanie roku 2024 \u2013 rok pe\u0142en emocji, strat i nadziei"}]},{"@type":"WebSite","@id":"https:\/\/agafrank.pl\/#website","url":"https:\/\/agafrank.pl\/","name":"Aga Frank","description":"Pisz\u0119, bo lubi\u0119...","publisher":{"@id":"https:\/\/agafrank.pl\/#\/schema\/person\/86f157a40daf141245423c681e2f82fc"},"potentialAction":[{"@type":"SearchAction","target":{"@type":"EntryPoint","urlTemplate":"https:\/\/agafrank.pl\/?s={search_term_string}"},"query-input":{"@type":"PropertyValueSpecification","valueRequired":true,"valueName":"search_term_string"}}],"inLanguage":"en-US"},{"@type":["Person","Organization"],"@id":"https:\/\/agafrank.pl\/#\/schema\/person\/86f157a40daf141245423c681e2f82fc","name":"Aga","image":{"@type":"ImageObject","inLanguage":"en-US","@id":"https:\/\/agafrank.pl\/wp-content\/uploads\/2024\/08\/grafika6.jpg","url":"https:\/\/agafrank.pl\/wp-content\/uploads\/2024\/08\/grafika6.jpg","contentUrl":"https:\/\/agafrank.pl\/wp-content\/uploads\/2024\/08\/grafika6.jpg","width":1772,"height":1181,"caption":"Aga"},"logo":{"@id":"https:\/\/agafrank.pl\/wp-content\/uploads\/2024\/08\/grafika6.jpg"},"sameAs":["http:\/\/agafrank.pl","www.instagram.com\/agafrank"],"url":"https:\/\/agafrank.pl\/?author=2"}]}},"_links":{"self":[{"href":"https:\/\/agafrank.pl\/index.php?rest_route=\/wp\/v2\/posts\/251","targetHints":{"allow":["GET"]}}],"collection":[{"href":"https:\/\/agafrank.pl\/index.php?rest_route=\/wp\/v2\/posts"}],"about":[{"href":"https:\/\/agafrank.pl\/index.php?rest_route=\/wp\/v2\/types\/post"}],"author":[{"embeddable":true,"href":"https:\/\/agafrank.pl\/index.php?rest_route=\/wp\/v2\/users\/2"}],"replies":[{"embeddable":true,"href":"https:\/\/agafrank.pl\/index.php?rest_route=%2Fwp%2Fv2%2Fcomments&post=251"}],"version-history":[{"count":1,"href":"https:\/\/agafrank.pl\/index.php?rest_route=\/wp\/v2\/posts\/251\/revisions"}],"predecessor-version":[{"id":253,"href":"https:\/\/agafrank.pl\/index.php?rest_route=\/wp\/v2\/posts\/251\/revisions\/253"}],"wp:featuredmedia":[{"embeddable":true,"href":"https:\/\/agafrank.pl\/index.php?rest_route=\/wp\/v2\/media\/252"}],"wp:attachment":[{"href":"https:\/\/agafrank.pl\/index.php?rest_route=%2Fwp%2Fv2%2Fmedia&parent=251"}],"wp:term":[{"taxonomy":"category","embeddable":true,"href":"https:\/\/agafrank.pl\/index.php?rest_route=%2Fwp%2Fv2%2Fcategories&post=251"},{"taxonomy":"post_tag","embeddable":true,"href":"https:\/\/agafrank.pl\/index.php?rest_route=%2Fwp%2Fv2%2Ftags&post=251"}],"curies":[{"name":"wp","href":"https:\/\/api.w.org\/{rel}","templated":true}]}}