{"id":247,"date":"2024-12-24T11:11:00","date_gmt":"2024-12-24T10:11:00","guid":{"rendered":"https:\/\/agafrank.pl\/?p=247"},"modified":"2024-12-20T11:30:27","modified_gmt":"2024-12-20T10:30:27","slug":"swiateczne-zyczenia-pelne-ciepla","status":"publish","type":"post","link":"https:\/\/agafrank.pl\/?p=247","title":{"rendered":"\u015awi\u0105teczne \u017cyczenia pe\u0142ne ciep\u0142a \ud83c\udf85\u2728\ud83c\udf84"},"content":{"rendered":"\n<p>Kochani,<\/p>\n\n\n\n<p>\u015awi\u0119ta to wyj\u0105tkowy czas, kt\u00f3ry sk\u0142ania nas do refleksji \ud83c\udf1f i celebracji chwil sp\u0119dzonych z bliskimi \u2764\ufe0f. To moment, w kt\u00f3rym mo\u017cemy zatrzyma\u0107 si\u0119 na chwil\u0119 \u23f3, spojrze\u0107 na mijaj\u0105cy rok i doceni\u0107 wszystko, co przyni\u00f3s\u0142.<\/p>\n\n\n\n<p>Z ca\u0142ego serca \ud83d\udc96 \u017cycz\u0119 Wam radosnych, spokojnych \u015awi\u0105t Bo\u017cego Narodzenia \ud83c\udf84. Niech ten czas wype\u0142ni Wasze domy mi\u0142o\u015bci\u0105 \ud83d\udc95, ciep\u0142em \ud83d\udd25 i \u015bmiechem \ud83d\ude02. \u017bycz\u0119 te\u017c, aby\u015bcie w Nowym Roku \ud83c\udf86 odnale\u017ali si\u0142\u0119 \ud83d\udcaa i odwag\u0119 \ud83e\uddb8\u200d\u2642\ufe0f do realizacji swoich marze\u0144 \ud83c\udf08, niezale\u017cnie od tego, jak wielkie si\u0119 wydaj\u0105.<\/p>\n\n\n\n<p>Je\u015bli macie ochot\u0119, zapraszam Was do przeczytania mojego wpisu, w kt\u00f3rym dziel\u0119 si\u0119 przemy\u015bleniami o \u015awi\u0119tach i o tych, kt\u00f3rych ju\u017c z nami nie ma: <a href=\"https:\/\/agafrank.pl\/?p=240\">Przeczytaj m\u00f3j wpis<\/a>.<\/p>\n\n\n\n<p>Na koniec chcia\u0142abym podzieli\u0107 si\u0119 moj\u0105 ulubion\u0105 kol\u0119d\u0105, kt\u00f3ra zawsze wprowadza mnie w \u015bwi\u0105teczny nastr\u00f3j \ud83c\udfb6: <a href=\"https:\/\/www.youtube.com\/watch?v=pOuIDHXVR8w\">\u201eJezus malusie\u0144ki\u201d<\/a>. Mam nadziej\u0119, \u017ce Wam r\u00f3wnie\u017c przyniesie chwil\u0119 spokoju \u2728 i ukojenia \ud83c\udf19.<\/p>\n\n\n\n<p>\u017bycz\u0119 Wam wszystkiego, co najlepsze \ud83c\udf1f. Sp\u0119d\u017acie ten czas w gronie tych, kt\u00f3rych kochacie \ud83e\udec2 \u2013 nie ma nic cenniejszego \ud83d\udc8e.<\/p>\n\n\n\n<p>Weso\u0142ych \u015awi\u0105t! \ud83c\udf85\ud83c\udf84\u2744\ufe0f\u2728<\/p>\n","protected":false},"excerpt":{"rendered":"<p>Kochani, \u015awi\u0119ta to wyj\u0105tkowy czas, kt\u00f3ry sk\u0142ania nas do refleksji \ud83c\udf1f i celebracji chwil sp\u0119dzonych z bliskimi \u2764\ufe0f. To moment, w kt\u00f3rym mo\u017cemy zatrzyma\u0107 si\u0119 na chwil\u0119 \u23f3, spojrze\u0107 na mijaj\u0105cy rok i doceni\u0107 wszystko, co przyni\u00f3s\u0142. Z ca\u0142ego serca \ud83d\udc96 \u017cycz\u0119 Wam radosnych, spokojnych \u015awi\u0105t Bo\u017cego Narodzenia \ud83c\udf84. Niech ten czas wype\u0142ni Wasze domy&#8230;<\/p>\n","protected":false},"author":2,"featured_media":248,"comment_status":"open","ping_status":"open","sticky":false,"template":"","format":"standard","meta":{"footnotes":""},"categories":[54],"tags":[80,78,81],"class_list":["post-247","post","type-post","status-publish","format-standard","has-post-thumbnail","hentry","category-luzne-przemyslenia","tag-boze-narodzenie","tag-swieta","tag-zyczenia"],"yoast_head":"<!-- This site is optimized with the Yoast SEO plugin v27.5 - https:\/\/yoast.com\/product\/yoast-seo-wordpress\/ -->\n<title>\u015awi\u0105teczne \u017cyczenia pe\u0142ne ciep\u0142a \u2013 rado\u015b\u0107 i refleksja<\/title>\n<meta name=\"description\" content=\"\u015awi\u0105teczne \u017cyczenia pe\u0142ne ciep\u0142a. Radosnych i spokojnych! Sp\u0119d\u017acie ten czas z bliskimi, czerpi\u0105c si\u0142\u0119 i rado\u015b\u0107 na Nowy Rok!\" \/>\n<meta name=\"robots\" content=\"index, follow, max-snippet:-1, max-image-preview:large, max-video-preview:-1\" \/>\n<link rel=\"canonical\" href=\"https:\/\/agafrank.pl\/?p=247\" \/>\n<meta property=\"og:locale\" content=\"en_US\" \/>\n<meta property=\"og:type\" content=\"article\" \/>\n<meta property=\"og:title\" content=\"\u015awi\u0105teczne \u017cyczenia pe\u0142ne ciep\u0142a \u2013 rado\u015b\u0107 i refleksja\" \/>\n<meta property=\"og:description\" content=\"\u015awi\u0105teczne \u017cyczenia pe\u0142ne ciep\u0142a. Radosnych i spokojnych! Sp\u0119d\u017acie ten czas z bliskimi, czerpi\u0105c si\u0142\u0119 i rado\u015b\u0107 na Nowy Rok!\" \/>\n<meta property=\"og:url\" content=\"https:\/\/agafrank.pl\/?p=247\" \/>\n<meta property=\"og:site_name\" content=\"Aga Frank\" \/>\n<meta property=\"article:published_time\" content=\"2024-12-24T10:11:00+00:00\" \/>\n<meta property=\"og:image\" content=\"https:\/\/agafrank.pl\/wp-content\/uploads\/2024\/12\/grafika35.jpg\" \/>\n\t<meta property=\"og:image:width\" content=\"1772\" \/>\n\t<meta property=\"og:image:height\" content=\"1181\" \/>\n\t<meta property=\"og:image:type\" content=\"image\/jpeg\" \/>\n<meta name=\"author\" content=\"Aga\" \/>\n<meta name=\"twitter:card\" content=\"summary_large_image\" \/>\n<meta name=\"twitter:label1\" content=\"Written by\" \/>\n\t<meta name=\"twitter:data1\" content=\"Aga\" \/>\n\t<meta name=\"twitter:label2\" content=\"Est. reading time\" \/>\n\t<meta name=\"twitter:data2\" content=\"1 minute\" \/>\n<script type=\"application\/ld+json\" class=\"yoast-schema-graph\">{\"@context\":\"https:\\\/\\\/schema.org\",\"@graph\":[{\"@type\":\"Article\",\"@id\":\"https:\\\/\\\/agafrank.pl\\\/?p=247#article\",\"isPartOf\":{\"@id\":\"https:\\\/\\\/agafrank.pl\\\/?p=247\"},\"author\":{\"name\":\"Aga\",\"@id\":\"https:\\\/\\\/agafrank.pl\\\/#\\\/schema\\\/person\\\/86f157a40daf141245423c681e2f82fc\"},\"headline\":\"\u015awi\u0105teczne \u017cyczenia pe\u0142ne ciep\u0142a \ud83c\udf85\u2728\ud83c\udf84\",\"datePublished\":\"2024-12-24T10:11:00+00:00\",\"mainEntityOfPage\":{\"@id\":\"https:\\\/\\\/agafrank.pl\\\/?p=247\"},\"wordCount\":193,\"commentCount\":0,\"publisher\":{\"@id\":\"https:\\\/\\\/agafrank.pl\\\/#\\\/schema\\\/person\\\/86f157a40daf141245423c681e2f82fc\"},\"image\":{\"@id\":\"https:\\\/\\\/agafrank.pl\\\/?p=247#primaryimage\"},\"thumbnailUrl\":\"https:\\\/\\\/agafrank.pl\\\/wp-content\\\/uploads\\\/2024\\\/12\\\/grafika35.jpg\",\"keywords\":[\"Bo\u017ce Narodzenie\",\"\u015bwi\u0119ta\",\"\u017byczenia\"],\"articleSection\":[\"Lu\u017ane przemy\u015blenia\"],\"inLanguage\":\"en-US\",\"potentialAction\":[{\"@type\":\"CommentAction\",\"name\":\"Comment\",\"target\":[\"https:\\\/\\\/agafrank.pl\\\/?p=247#respond\"]}]},{\"@type\":\"WebPage\",\"@id\":\"https:\\\/\\\/agafrank.pl\\\/?p=247\",\"url\":\"https:\\\/\\\/agafrank.pl\\\/?p=247\",\"name\":\"\u015awi\u0105teczne \u017cyczenia pe\u0142ne ciep\u0142a \u2013 rado\u015b\u0107 i refleksja\",\"isPartOf\":{\"@id\":\"https:\\\/\\\/agafrank.pl\\\/#website\"},\"primaryImageOfPage\":{\"@id\":\"https:\\\/\\\/agafrank.pl\\\/?p=247#primaryimage\"},\"image\":{\"@id\":\"https:\\\/\\\/agafrank.pl\\\/?p=247#primaryimage\"},\"thumbnailUrl\":\"https:\\\/\\\/agafrank.pl\\\/wp-content\\\/uploads\\\/2024\\\/12\\\/grafika35.jpg\",\"datePublished\":\"2024-12-24T10:11:00+00:00\",\"description\":\"\u015awi\u0105teczne \u017cyczenia pe\u0142ne ciep\u0142a. Radosnych i spokojnych! Sp\u0119d\u017acie ten czas z bliskimi, czerpi\u0105c si\u0142\u0119 i rado\u015b\u0107 na Nowy Rok!\",\"breadcrumb\":{\"@id\":\"https:\\\/\\\/agafrank.pl\\\/?p=247#breadcrumb\"},\"inLanguage\":\"en-US\",\"potentialAction\":[{\"@type\":\"ReadAction\",\"target\":[\"https:\\\/\\\/agafrank.pl\\\/?p=247\"]}]},{\"@type\":\"ImageObject\",\"inLanguage\":\"en-US\",\"@id\":\"https:\\\/\\\/agafrank.pl\\\/?p=247#primaryimage\",\"url\":\"https:\\\/\\\/agafrank.pl\\\/wp-content\\\/uploads\\\/2024\\\/12\\\/grafika35.jpg\",\"contentUrl\":\"https:\\\/\\\/agafrank.pl\\\/wp-content\\\/uploads\\\/2024\\\/12\\\/grafika35.jpg\",\"width\":1772,\"height\":1181,\"caption\":\"\u015awi\u0105teczne \u017cyczenia pe\u0142ne ciep\u0142a \u2013 blask choinki i magia Bo\u017cego Narodzenia.\"},{\"@type\":\"BreadcrumbList\",\"@id\":\"https:\\\/\\\/agafrank.pl\\\/?p=247#breadcrumb\",\"itemListElement\":[{\"@type\":\"ListItem\",\"position\":1,\"name\":\"Home\",\"item\":\"https:\\\/\\\/agafrank.pl\\\/\"},{\"@type\":\"ListItem\",\"position\":2,\"name\":\"\u015awi\u0105teczne \u017cyczenia pe\u0142ne ciep\u0142a \ud83c\udf85\u2728\ud83c\udf84\"}]},{\"@type\":\"WebSite\",\"@id\":\"https:\\\/\\\/agafrank.pl\\\/#website\",\"url\":\"https:\\\/\\\/agafrank.pl\\\/\",\"name\":\"Aga Frank\",\"description\":\"Pisz\u0119, bo lubi\u0119...\",\"publisher\":{\"@id\":\"https:\\\/\\\/agafrank.pl\\\/#\\\/schema\\\/person\\\/86f157a40daf141245423c681e2f82fc\"},\"potentialAction\":[{\"@type\":\"SearchAction\",\"target\":{\"@type\":\"EntryPoint\",\"urlTemplate\":\"https:\\\/\\\/agafrank.pl\\\/?s={search_term_string}\"},\"query-input\":{\"@type\":\"PropertyValueSpecification\",\"valueRequired\":true,\"valueName\":\"search_term_string\"}}],\"inLanguage\":\"en-US\"},{\"@type\":[\"Person\",\"Organization\"],\"@id\":\"https:\\\/\\\/agafrank.pl\\\/#\\\/schema\\\/person\\\/86f157a40daf141245423c681e2f82fc\",\"name\":\"Aga\",\"image\":{\"@type\":\"ImageObject\",\"inLanguage\":\"en-US\",\"@id\":\"https:\\\/\\\/agafrank.pl\\\/wp-content\\\/uploads\\\/2024\\\/08\\\/grafika6.jpg\",\"url\":\"https:\\\/\\\/agafrank.pl\\\/wp-content\\\/uploads\\\/2024\\\/08\\\/grafika6.jpg\",\"contentUrl\":\"https:\\\/\\\/agafrank.pl\\\/wp-content\\\/uploads\\\/2024\\\/08\\\/grafika6.jpg\",\"width\":1772,\"height\":1181,\"caption\":\"Aga\"},\"logo\":{\"@id\":\"https:\\\/\\\/agafrank.pl\\\/wp-content\\\/uploads\\\/2024\\\/08\\\/grafika6.jpg\"},\"sameAs\":[\"http:\\\/\\\/agafrank.pl\",\"www.instagram.com\\\/agafrank\"],\"url\":\"https:\\\/\\\/agafrank.pl\\\/?author=2\"}]}<\/script>\n<!-- \/ Yoast SEO plugin. -->","yoast_head_json":{"title":"\u015awi\u0105teczne \u017cyczenia pe\u0142ne ciep\u0142a \u2013 rado\u015b\u0107 i refleksja","description":"\u015awi\u0105teczne \u017cyczenia pe\u0142ne ciep\u0142a. Radosnych i spokojnych! Sp\u0119d\u017acie ten czas z bliskimi, czerpi\u0105c si\u0142\u0119 i rado\u015b\u0107 na Nowy Rok!","robots":{"index":"index","follow":"follow","max-snippet":"max-snippet:-1","max-image-preview":"max-image-preview:large","max-video-preview":"max-video-preview:-1"},"canonical":"https:\/\/agafrank.pl\/?p=247","og_locale":"en_US","og_type":"article","og_title":"\u015awi\u0105teczne \u017cyczenia pe\u0142ne ciep\u0142a \u2013 rado\u015b\u0107 i refleksja","og_description":"\u015awi\u0105teczne \u017cyczenia pe\u0142ne ciep\u0142a. Radosnych i spokojnych! Sp\u0119d\u017acie ten czas z bliskimi, czerpi\u0105c si\u0142\u0119 i rado\u015b\u0107 na Nowy Rok!","og_url":"https:\/\/agafrank.pl\/?p=247","og_site_name":"Aga Frank","article_published_time":"2024-12-24T10:11:00+00:00","og_image":[{"width":1772,"height":1181,"url":"https:\/\/agafrank.pl\/wp-content\/uploads\/2024\/12\/grafika35.jpg","type":"image\/jpeg"}],"author":"Aga","twitter_card":"summary_large_image","twitter_misc":{"Written by":"Aga","Est. reading time":"1 minute"},"schema":{"@context":"https:\/\/schema.org","@graph":[{"@type":"Article","@id":"https:\/\/agafrank.pl\/?p=247#article","isPartOf":{"@id":"https:\/\/agafrank.pl\/?p=247"},"author":{"name":"Aga","@id":"https:\/\/agafrank.pl\/#\/schema\/person\/86f157a40daf141245423c681e2f82fc"},"headline":"\u015awi\u0105teczne \u017cyczenia pe\u0142ne ciep\u0142a \ud83c\udf85\u2728\ud83c\udf84","datePublished":"2024-12-24T10:11:00+00:00","mainEntityOfPage":{"@id":"https:\/\/agafrank.pl\/?p=247"},"wordCount":193,"commentCount":0,"publisher":{"@id":"https:\/\/agafrank.pl\/#\/schema\/person\/86f157a40daf141245423c681e2f82fc"},"image":{"@id":"https:\/\/agafrank.pl\/?p=247#primaryimage"},"thumbnailUrl":"https:\/\/agafrank.pl\/wp-content\/uploads\/2024\/12\/grafika35.jpg","keywords":["Bo\u017ce Narodzenie","\u015bwi\u0119ta","\u017byczenia"],"articleSection":["Lu\u017ane przemy\u015blenia"],"inLanguage":"en-US","potentialAction":[{"@type":"CommentAction","name":"Comment","target":["https:\/\/agafrank.pl\/?p=247#respond"]}]},{"@type":"WebPage","@id":"https:\/\/agafrank.pl\/?p=247","url":"https:\/\/agafrank.pl\/?p=247","name":"\u015awi\u0105teczne \u017cyczenia pe\u0142ne ciep\u0142a \u2013 rado\u015b\u0107 i refleksja","isPartOf":{"@id":"https:\/\/agafrank.pl\/#website"},"primaryImageOfPage":{"@id":"https:\/\/agafrank.pl\/?p=247#primaryimage"},"image":{"@id":"https:\/\/agafrank.pl\/?p=247#primaryimage"},"thumbnailUrl":"https:\/\/agafrank.pl\/wp-content\/uploads\/2024\/12\/grafika35.jpg","datePublished":"2024-12-24T10:11:00+00:00","description":"\u015awi\u0105teczne \u017cyczenia pe\u0142ne ciep\u0142a. Radosnych i spokojnych! Sp\u0119d\u017acie ten czas z bliskimi, czerpi\u0105c si\u0142\u0119 i rado\u015b\u0107 na Nowy Rok!","breadcrumb":{"@id":"https:\/\/agafrank.pl\/?p=247#breadcrumb"},"inLanguage":"en-US","potentialAction":[{"@type":"ReadAction","target":["https:\/\/agafrank.pl\/?p=247"]}]},{"@type":"ImageObject","inLanguage":"en-US","@id":"https:\/\/agafrank.pl\/?p=247#primaryimage","url":"https:\/\/agafrank.pl\/wp-content\/uploads\/2024\/12\/grafika35.jpg","contentUrl":"https:\/\/agafrank.pl\/wp-content\/uploads\/2024\/12\/grafika35.jpg","width":1772,"height":1181,"caption":"\u015awi\u0105teczne \u017cyczenia pe\u0142ne ciep\u0142a \u2013 blask choinki i magia Bo\u017cego Narodzenia."},{"@type":"BreadcrumbList","@id":"https:\/\/agafrank.pl\/?p=247#breadcrumb","itemListElement":[{"@type":"ListItem","position":1,"name":"Home","item":"https:\/\/agafrank.pl\/"},{"@type":"ListItem","position":2,"name":"\u015awi\u0105teczne \u017cyczenia pe\u0142ne ciep\u0142a \ud83c\udf85\u2728\ud83c\udf84"}]},{"@type":"WebSite","@id":"https:\/\/agafrank.pl\/#website","url":"https:\/\/agafrank.pl\/","name":"Aga Frank","description":"Pisz\u0119, bo lubi\u0119...","publisher":{"@id":"https:\/\/agafrank.pl\/#\/schema\/person\/86f157a40daf141245423c681e2f82fc"},"potentialAction":[{"@type":"SearchAction","target":{"@type":"EntryPoint","urlTemplate":"https:\/\/agafrank.pl\/?s={search_term_string}"},"query-input":{"@type":"PropertyValueSpecification","valueRequired":true,"valueName":"search_term_string"}}],"inLanguage":"en-US"},{"@type":["Person","Organization"],"@id":"https:\/\/agafrank.pl\/#\/schema\/person\/86f157a40daf141245423c681e2f82fc","name":"Aga","image":{"@type":"ImageObject","inLanguage":"en-US","@id":"https:\/\/agafrank.pl\/wp-content\/uploads\/2024\/08\/grafika6.jpg","url":"https:\/\/agafrank.pl\/wp-content\/uploads\/2024\/08\/grafika6.jpg","contentUrl":"https:\/\/agafrank.pl\/wp-content\/uploads\/2024\/08\/grafika6.jpg","width":1772,"height":1181,"caption":"Aga"},"logo":{"@id":"https:\/\/agafrank.pl\/wp-content\/uploads\/2024\/08\/grafika6.jpg"},"sameAs":["http:\/\/agafrank.pl","www.instagram.com\/agafrank"],"url":"https:\/\/agafrank.pl\/?author=2"}]}},"_links":{"self":[{"href":"https:\/\/agafrank.pl\/index.php?rest_route=\/wp\/v2\/posts\/247","targetHints":{"allow":["GET"]}}],"collection":[{"href":"https:\/\/agafrank.pl\/index.php?rest_route=\/wp\/v2\/posts"}],"about":[{"href":"https:\/\/agafrank.pl\/index.php?rest_route=\/wp\/v2\/types\/post"}],"author":[{"embeddable":true,"href":"https:\/\/agafrank.pl\/index.php?rest_route=\/wp\/v2\/users\/2"}],"replies":[{"embeddable":true,"href":"https:\/\/agafrank.pl\/index.php?rest_route=%2Fwp%2Fv2%2Fcomments&post=247"}],"version-history":[{"count":1,"href":"https:\/\/agafrank.pl\/index.php?rest_route=\/wp\/v2\/posts\/247\/revisions"}],"predecessor-version":[{"id":249,"href":"https:\/\/agafrank.pl\/index.php?rest_route=\/wp\/v2\/posts\/247\/revisions\/249"}],"wp:featuredmedia":[{"embeddable":true,"href":"https:\/\/agafrank.pl\/index.php?rest_route=\/wp\/v2\/media\/248"}],"wp:attachment":[{"href":"https:\/\/agafrank.pl\/index.php?rest_route=%2Fwp%2Fv2%2Fmedia&parent=247"}],"wp:term":[{"taxonomy":"category","embeddable":true,"href":"https:\/\/agafrank.pl\/index.php?rest_route=%2Fwp%2Fv2%2Fcategories&post=247"},{"taxonomy":"post_tag","embeddable":true,"href":"https:\/\/agafrank.pl\/index.php?rest_route=%2Fwp%2Fv2%2Ftags&post=247"}],"curies":[{"name":"wp","href":"https:\/\/api.w.org\/{rel}","templated":true}]}}