{"id":240,"date":"2024-12-18T11:42:28","date_gmt":"2024-12-18T10:42:28","guid":{"rendered":"https:\/\/agafrank.pl\/?p=240"},"modified":"2024-12-18T11:42:29","modified_gmt":"2024-12-18T10:42:29","slug":"magia-swiat","status":"publish","type":"post","link":"https:\/\/agafrank.pl\/?p=240","title":{"rendered":"Magia \u015awi\u0105t w moim \u017cyciu \u2013 wspomnienia, smutek i nadzieja"},"content":{"rendered":"\n<p><strong>Magia \u015awi\u0105t w \u017cyciu<\/strong> zawsze by\u0142a czym\u015b szczeg\u00f3lnym, cho\u0107 na przestrzeni lat zmienia\u0142a swoje oblicze. Kiedy\u015b by\u0142y to dni pe\u0142ne dzieci\u0119cej rado\u015bci, rodzinnej blisko\u015bci i ekscytacji zwi\u0105zanej z prezentami. Pachnia\u0142y choink\u0105, pierogami i makowcem, a dom wype\u0142nia\u0142y kol\u0119dy \u2013 \u015bpiewane fa\u0142szywie, ale z sercem. \u015awi\u0119ta by\u0142y pe\u0142ne magii, a\u017c do momentu, gdy \u017cycie postanowi\u0142o wszystko zmieni\u0107.<\/p>\n\n\n\n<h3 class=\"wp-block-heading\"><strong>Dawne \u015awi\u0119ta \u2013 kiedy\u015b i teraz<\/strong><\/h3>\n\n\n\n<p>Pami\u0119tam moment, gdy nasza rodzinna tradycja \u2013 dodatkowy talerz dla niespodziewanego go\u015bcia \u2013 zamiast nadziei, podkre\u015bla\u0142 brak. Kogo\u015b brakowa\u0142o, a my stali\u015bmy si\u0119 niekompletni. Mama wtedy p\u0142aka\u0142a, a ja nauczy\u0142am si\u0119, \u017ce \u015awi\u0119ta to nie zawsze rado\u015b\u0107, ale te\u017c refleksja nad tym, czego ju\u017c nie ma.<\/p>\n\n\n\n<p>Dzisiaj \u015awi\u0119ta wygl\u0105daj\u0105 inaczej. Dziel\u0119 je na trzy domy: rodzinny, te\u015bci\u00f3w i nasz. Jestem wdzi\u0119czna, \u017ce mamy z kim sp\u0119dza\u0107 ten czas, ale jednocze\u015bnie czuj\u0119 rozbicie. W swoim mieszkaniu dbam o ka\u017cdy szczeg\u00f3\u0142 \u2013 pi\u0119kn\u0105 choink\u0119, klimatyczne dekoracje, kt\u00f3re daj\u0105 mi poczucie spokoju i harmonii. Co roku stawiam na co\u015b nowego \u2013 teraz ozdoby z porcelany, w poprzednich latach drewniane. Tradycyjnych bombek u mnie nie znajdziecie \u2013 w tej kwestii jestem konsekwentna.<\/p>\n\n\n\n<p>Gotowanie? Nie, to nie dla mnie. Ca\u0142e jedzenie zamawiam i cho\u0107 mo\u017ce jest w tym mniej \u201e\u015bwi\u0105tecznego ducha\u201d, to zdecydowanie wi\u0119cej wygody. Czy to co\u015b odbiera z magii \u015awi\u0105t? Nie, bo w tym wszystkim liczy si\u0119 przecie\u017c czas sp\u0119dzony z rodzin\u0105.<\/p>\n\n\n\n<h3 class=\"wp-block-heading\"><strong>\u015awi\u0105teczny klimat \u2013 rado\u015b\u0107 i nostalgia<\/strong><\/h3>\n\n\n\n<p>\u015awi\u0119ta od zawsze by\u0142y dla mnie momentem szczeg\u00f3lnym. Uwielbiam \u015bpiewa\u0107 kol\u0119dy, cho\u0107 teraz wspomnienie <a href=\"https:\/\/agafrank.pl\/?p=237\">mamy<\/a>, kt\u00f3ra \u201efa\u0142szowa\u0142a niemi\u0142osiernie\u201d, wywo\u0142uje u\u015bmiech przez \u0142zy. Mama umar\u0142a dwa tygodnie temu, a ten pierwszy rok bez niej b\u0119dzie trudny. Jej brak boli, a jednocze\u015bnie daje mi spok\u00f3j my\u015bl, \u017ce ju\u017c nie cierpi i jest tam, gdzie zawsze chcia\u0142a \u2013 w otoczeniu bliskich, kt\u00f3rzy odeszli przed ni\u0105.<\/p>\n\n\n\n<p>Dla mnie \u015awi\u0119ta to te\u017c chwile z filmami, kt\u00f3re zawsze wprowadzaj\u0105 mnie w ten magiczny nastr\u00f3j. <em>\u201eTo w\u0142a\u015bnie mi\u0142o\u015b\u0107\u201d<\/em>, <em>\u201eMasz wiadomo\u015b\u0107\u201d<\/em>, <em>\u201eHoliday\u201d<\/em>, <em>\u201eStra\u017cnicy marze\u0144\u201d<\/em> czy <em>\u201eDziennik Bridget Jones\u201d<\/em> \u2013 co roku wracam do nich z ogromnym sentymentem. Ka\u017cdy z tych tytu\u0142\u00f3w niesie za sob\u0105 ciep\u0142o i przypomina, \u017ce magia istnieje \u2013 wystarczy j\u0105 dostrzec.<\/p>\n\n\n\n<h3 class=\"wp-block-heading\"><strong>\u015awi\u0119ta a pisanie<\/strong><\/h3>\n\n\n\n<p>Ten czas nie sprzyja mojemu <a href=\"https:\/\/www.wattpad.com\/user\/burana25\">pisaniu<\/a>. Zwykle jestem z dala od komputera, co momentami a\u017c boli, bo pomys\u0142y rodz\u0105 si\u0119 w g\u0142owie i czekaj\u0105 na moment, by znale\u017a\u0107 swoje uj\u015bcie. Paradoksalnie, brak mo\u017cliwo\u015bci pisania sprzyja tw\u00f3rczemu my\u015bleniu. W mojej g\u0142owie pojawiaj\u0105 si\u0119 kolejne w\u0105tki, historie, kt\u00f3re kiedy\u015b przerodz\u0105 si\u0119 w pe\u0142nowarto\u015bciowe opowie\u015bci.<\/p>\n\n\n\n<p>\u015awi\u0119ta to dla mnie r\u00f3wnie\u017c czas refleksji. Podsumowuj\u0119 rok, planuj\u0119 kolejny i staram si\u0119 wyci\u0105gn\u0105\u0107 wnioski z tego, co by\u0142o. Chc\u0119, \u017ceby moje \u017cycie, moje \u015awi\u0119ta, by\u0142y pe\u0142ne spokoju i rado\u015bci \u2013 nawet je\u015bli to czas, kt\u00f3ry niesie te\u017c smutek.<\/p>\n\n\n\n<h3 class=\"wp-block-heading\"><strong>Podsumowanie \u2013 magia mimo wszystko<\/strong><\/h3>\n\n\n\n<p>Dla mnie magia \u015awi\u0105t to pi\u0119kne dekoracje, kol\u0119dy, filmy i marcepan (moje ulubione \u015bwi\u0105teczne s\u0142odko\u015bci). To moment, kiedy mimo wszystko staram si\u0119 cieszy\u0107 tym, co mam. T\u0119sknota i smutek nie znikn\u0105, ale nie chc\u0119, by \u015awi\u0119ta kojarzy\u0142y mi si\u0119 wy\u0142\u0105cznie z tym, co utracone.<\/p>\n\n\n\n<p>Marz\u0119 o tym, by kiedy\u015b ca\u0142a rodzina zasiad\u0142a przy jednym stole. Bez podzia\u0142\u00f3w, bez smutku, tylko z mi\u0142o\u015bci\u0105 i wzajemnym zrozumieniem. Mo\u017ce kiedy\u015b si\u0119 uda.<\/p>\n\n\n\n<p>Tymczasem zostaje mi rado\u015b\u0107 z ma\u0142ych rzeczy \u2013 choinka, \u015bpiewanie kol\u0119d, ogl\u0105danie ulubionych film\u00f3w i przede wszystkim wdzi\u0119czno\u015b\u0107 za to, \u017ce ci\u0105gle mamy z kim te \u015awi\u0119ta sp\u0119dza\u0107.<\/p>\n","protected":false},"excerpt":{"rendered":"<p>Magia \u015awi\u0105t w \u017cyciu zawsze by\u0142a czym\u015b szczeg\u00f3lnym, cho\u0107 na przestrzeni lat zmienia\u0142a swoje oblicze. Kiedy\u015b by\u0142y to dni pe\u0142ne dzieci\u0119cej rado\u015bci, rodzinnej blisko\u015bci i ekscytacji zwi\u0105zanej z prezentami. Pachnia\u0142y choink\u0105, pierogami i makowcem, a dom wype\u0142nia\u0142y kol\u0119dy \u2013 \u015bpiewane fa\u0142szywie, ale z sercem. \u015awi\u0119ta by\u0142y pe\u0142ne magii, a\u017c do momentu, gdy \u017cycie postanowi\u0142o wszystko&#8230;<\/p>\n","protected":false},"author":2,"featured_media":241,"comment_status":"open","ping_status":"open","sticky":false,"template":"","format":"standard","meta":{"footnotes":""},"categories":[54,44],"tags":[11,77,78],"class_list":["post-240","post","type-post","status-publish","format-standard","has-post-thumbnail","hentry","category-luzne-przemyslenia","category-o-mnie","tag-aga-frank","tag-rodzina","tag-swieta"],"yoast_head":"<!-- This site is optimized with the Yoast SEO plugin v27.5 - https:\/\/yoast.com\/product\/yoast-seo-wordpress\/ -->\n<title>Magia \u015awi\u0105t w moim \u017cyciu \u2013 wspomnienia, smutek i nadzieja<\/title>\n<meta name=\"description\" content=\"Magia \u015awi\u0105t w moim \u017cyciu to refleksje, rado\u015b\u0107 i smutek. Jak sp\u0119dzam \u015awi\u0119ta po stracie mamy i jak ten czas wp\u0142ywa na moje pisanie?\" \/>\n<meta name=\"robots\" content=\"index, follow, max-snippet:-1, max-image-preview:large, max-video-preview:-1\" \/>\n<link rel=\"canonical\" href=\"https:\/\/agafrank.pl\/?p=240\" \/>\n<meta property=\"og:locale\" content=\"en_US\" \/>\n<meta property=\"og:type\" content=\"article\" \/>\n<meta property=\"og:title\" content=\"Magia \u015awi\u0105t w moim \u017cyciu \u2013 wspomnienia, smutek i nadzieja\" \/>\n<meta property=\"og:description\" content=\"Magia \u015awi\u0105t w moim \u017cyciu to refleksje, rado\u015b\u0107 i smutek. Jak sp\u0119dzam \u015awi\u0119ta po stracie mamy i jak ten czas wp\u0142ywa na moje pisanie?\" \/>\n<meta property=\"og:url\" content=\"https:\/\/agafrank.pl\/?p=240\" \/>\n<meta property=\"og:site_name\" content=\"Aga Frank\" \/>\n<meta property=\"article:published_time\" content=\"2024-12-18T10:42:28+00:00\" \/>\n<meta property=\"article:modified_time\" content=\"2024-12-18T10:42:29+00:00\" \/>\n<meta property=\"og:image\" content=\"https:\/\/agafrank.pl\/wp-content\/uploads\/2024\/12\/grafika33.jpg\" \/>\n\t<meta property=\"og:image:width\" content=\"1772\" \/>\n\t<meta property=\"og:image:height\" content=\"1181\" \/>\n\t<meta property=\"og:image:type\" content=\"image\/jpeg\" \/>\n<meta name=\"author\" content=\"Aga\" \/>\n<meta name=\"twitter:card\" content=\"summary_large_image\" \/>\n<meta name=\"twitter:label1\" content=\"Written by\" \/>\n\t<meta name=\"twitter:data1\" content=\"Aga\" \/>\n\t<meta name=\"twitter:label2\" content=\"Est. reading time\" \/>\n\t<meta name=\"twitter:data2\" content=\"3 minutes\" \/>\n<script type=\"application\/ld+json\" class=\"yoast-schema-graph\">{\"@context\":\"https:\\\/\\\/schema.org\",\"@graph\":[{\"@type\":\"Article\",\"@id\":\"https:\\\/\\\/agafrank.pl\\\/?p=240#article\",\"isPartOf\":{\"@id\":\"https:\\\/\\\/agafrank.pl\\\/?p=240\"},\"author\":{\"name\":\"Aga\",\"@id\":\"https:\\\/\\\/agafrank.pl\\\/#\\\/schema\\\/person\\\/86f157a40daf141245423c681e2f82fc\"},\"headline\":\"Magia \u015awi\u0105t w moim \u017cyciu \u2013 wspomnienia, smutek i nadzieja\",\"datePublished\":\"2024-12-18T10:42:28+00:00\",\"dateModified\":\"2024-12-18T10:42:29+00:00\",\"mainEntityOfPage\":{\"@id\":\"https:\\\/\\\/agafrank.pl\\\/?p=240\"},\"wordCount\":657,\"commentCount\":1,\"publisher\":{\"@id\":\"https:\\\/\\\/agafrank.pl\\\/#\\\/schema\\\/person\\\/86f157a40daf141245423c681e2f82fc\"},\"image\":{\"@id\":\"https:\\\/\\\/agafrank.pl\\\/?p=240#primaryimage\"},\"thumbnailUrl\":\"https:\\\/\\\/agafrank.pl\\\/wp-content\\\/uploads\\\/2024\\\/12\\\/grafika33.jpg\",\"keywords\":[\"Aga Frank\",\"rodzina\",\"\u015bwi\u0119ta\"],\"articleSection\":[\"Lu\u017ane przemy\u015blenia\",\"O mnie - Aga Frank\"],\"inLanguage\":\"en-US\",\"potentialAction\":[{\"@type\":\"CommentAction\",\"name\":\"Comment\",\"target\":[\"https:\\\/\\\/agafrank.pl\\\/?p=240#respond\"]}]},{\"@type\":\"WebPage\",\"@id\":\"https:\\\/\\\/agafrank.pl\\\/?p=240\",\"url\":\"https:\\\/\\\/agafrank.pl\\\/?p=240\",\"name\":\"Magia \u015awi\u0105t w moim \u017cyciu \u2013 wspomnienia, smutek i nadzieja\",\"isPartOf\":{\"@id\":\"https:\\\/\\\/agafrank.pl\\\/#website\"},\"primaryImageOfPage\":{\"@id\":\"https:\\\/\\\/agafrank.pl\\\/?p=240#primaryimage\"},\"image\":{\"@id\":\"https:\\\/\\\/agafrank.pl\\\/?p=240#primaryimage\"},\"thumbnailUrl\":\"https:\\\/\\\/agafrank.pl\\\/wp-content\\\/uploads\\\/2024\\\/12\\\/grafika33.jpg\",\"datePublished\":\"2024-12-18T10:42:28+00:00\",\"dateModified\":\"2024-12-18T10:42:29+00:00\",\"description\":\"Magia \u015awi\u0105t w moim \u017cyciu to refleksje, rado\u015b\u0107 i smutek. Jak sp\u0119dzam \u015awi\u0119ta po stracie mamy i jak ten czas wp\u0142ywa na moje pisanie?\",\"breadcrumb\":{\"@id\":\"https:\\\/\\\/agafrank.pl\\\/?p=240#breadcrumb\"},\"inLanguage\":\"en-US\",\"potentialAction\":[{\"@type\":\"ReadAction\",\"target\":[\"https:\\\/\\\/agafrank.pl\\\/?p=240\"]}]},{\"@type\":\"ImageObject\",\"inLanguage\":\"en-US\",\"@id\":\"https:\\\/\\\/agafrank.pl\\\/?p=240#primaryimage\",\"url\":\"https:\\\/\\\/agafrank.pl\\\/wp-content\\\/uploads\\\/2024\\\/12\\\/grafika33.jpg\",\"contentUrl\":\"https:\\\/\\\/agafrank.pl\\\/wp-content\\\/uploads\\\/2024\\\/12\\\/grafika33.jpg\",\"width\":1772,\"height\":1181,\"caption\":\"Magia \u015awi\u0105t \u2013 refleksyjny obraz \u015bwi\u0105tecznego nastroju i wspomnie\u0144.\"},{\"@type\":\"BreadcrumbList\",\"@id\":\"https:\\\/\\\/agafrank.pl\\\/?p=240#breadcrumb\",\"itemListElement\":[{\"@type\":\"ListItem\",\"position\":1,\"name\":\"Home\",\"item\":\"https:\\\/\\\/agafrank.pl\\\/\"},{\"@type\":\"ListItem\",\"position\":2,\"name\":\"Magia \u015awi\u0105t w moim \u017cyciu \u2013 wspomnienia, smutek i nadzieja\"}]},{\"@type\":\"WebSite\",\"@id\":\"https:\\\/\\\/agafrank.pl\\\/#website\",\"url\":\"https:\\\/\\\/agafrank.pl\\\/\",\"name\":\"Aga Frank\",\"description\":\"Pisz\u0119, bo lubi\u0119...\",\"publisher\":{\"@id\":\"https:\\\/\\\/agafrank.pl\\\/#\\\/schema\\\/person\\\/86f157a40daf141245423c681e2f82fc\"},\"potentialAction\":[{\"@type\":\"SearchAction\",\"target\":{\"@type\":\"EntryPoint\",\"urlTemplate\":\"https:\\\/\\\/agafrank.pl\\\/?s={search_term_string}\"},\"query-input\":{\"@type\":\"PropertyValueSpecification\",\"valueRequired\":true,\"valueName\":\"search_term_string\"}}],\"inLanguage\":\"en-US\"},{\"@type\":[\"Person\",\"Organization\"],\"@id\":\"https:\\\/\\\/agafrank.pl\\\/#\\\/schema\\\/person\\\/86f157a40daf141245423c681e2f82fc\",\"name\":\"Aga\",\"image\":{\"@type\":\"ImageObject\",\"inLanguage\":\"en-US\",\"@id\":\"https:\\\/\\\/agafrank.pl\\\/wp-content\\\/uploads\\\/2024\\\/08\\\/grafika6.jpg\",\"url\":\"https:\\\/\\\/agafrank.pl\\\/wp-content\\\/uploads\\\/2024\\\/08\\\/grafika6.jpg\",\"contentUrl\":\"https:\\\/\\\/agafrank.pl\\\/wp-content\\\/uploads\\\/2024\\\/08\\\/grafika6.jpg\",\"width\":1772,\"height\":1181,\"caption\":\"Aga\"},\"logo\":{\"@id\":\"https:\\\/\\\/agafrank.pl\\\/wp-content\\\/uploads\\\/2024\\\/08\\\/grafika6.jpg\"},\"sameAs\":[\"http:\\\/\\\/agafrank.pl\",\"www.instagram.com\\\/agafrank\"],\"url\":\"https:\\\/\\\/agafrank.pl\\\/?author=2\"}]}<\/script>\n<!-- \/ Yoast SEO plugin. -->","yoast_head_json":{"title":"Magia \u015awi\u0105t w moim \u017cyciu \u2013 wspomnienia, smutek i nadzieja","description":"Magia \u015awi\u0105t w moim \u017cyciu to refleksje, rado\u015b\u0107 i smutek. Jak sp\u0119dzam \u015awi\u0119ta po stracie mamy i jak ten czas wp\u0142ywa na moje pisanie?","robots":{"index":"index","follow":"follow","max-snippet":"max-snippet:-1","max-image-preview":"max-image-preview:large","max-video-preview":"max-video-preview:-1"},"canonical":"https:\/\/agafrank.pl\/?p=240","og_locale":"en_US","og_type":"article","og_title":"Magia \u015awi\u0105t w moim \u017cyciu \u2013 wspomnienia, smutek i nadzieja","og_description":"Magia \u015awi\u0105t w moim \u017cyciu to refleksje, rado\u015b\u0107 i smutek. Jak sp\u0119dzam \u015awi\u0119ta po stracie mamy i jak ten czas wp\u0142ywa na moje pisanie?","og_url":"https:\/\/agafrank.pl\/?p=240","og_site_name":"Aga Frank","article_published_time":"2024-12-18T10:42:28+00:00","article_modified_time":"2024-12-18T10:42:29+00:00","og_image":[{"width":1772,"height":1181,"url":"https:\/\/agafrank.pl\/wp-content\/uploads\/2024\/12\/grafika33.jpg","type":"image\/jpeg"}],"author":"Aga","twitter_card":"summary_large_image","twitter_misc":{"Written by":"Aga","Est. reading time":"3 minutes"},"schema":{"@context":"https:\/\/schema.org","@graph":[{"@type":"Article","@id":"https:\/\/agafrank.pl\/?p=240#article","isPartOf":{"@id":"https:\/\/agafrank.pl\/?p=240"},"author":{"name":"Aga","@id":"https:\/\/agafrank.pl\/#\/schema\/person\/86f157a40daf141245423c681e2f82fc"},"headline":"Magia \u015awi\u0105t w moim \u017cyciu \u2013 wspomnienia, smutek i nadzieja","datePublished":"2024-12-18T10:42:28+00:00","dateModified":"2024-12-18T10:42:29+00:00","mainEntityOfPage":{"@id":"https:\/\/agafrank.pl\/?p=240"},"wordCount":657,"commentCount":1,"publisher":{"@id":"https:\/\/agafrank.pl\/#\/schema\/person\/86f157a40daf141245423c681e2f82fc"},"image":{"@id":"https:\/\/agafrank.pl\/?p=240#primaryimage"},"thumbnailUrl":"https:\/\/agafrank.pl\/wp-content\/uploads\/2024\/12\/grafika33.jpg","keywords":["Aga Frank","rodzina","\u015bwi\u0119ta"],"articleSection":["Lu\u017ane przemy\u015blenia","O mnie - Aga Frank"],"inLanguage":"en-US","potentialAction":[{"@type":"CommentAction","name":"Comment","target":["https:\/\/agafrank.pl\/?p=240#respond"]}]},{"@type":"WebPage","@id":"https:\/\/agafrank.pl\/?p=240","url":"https:\/\/agafrank.pl\/?p=240","name":"Magia \u015awi\u0105t w moim \u017cyciu \u2013 wspomnienia, smutek i nadzieja","isPartOf":{"@id":"https:\/\/agafrank.pl\/#website"},"primaryImageOfPage":{"@id":"https:\/\/agafrank.pl\/?p=240#primaryimage"},"image":{"@id":"https:\/\/agafrank.pl\/?p=240#primaryimage"},"thumbnailUrl":"https:\/\/agafrank.pl\/wp-content\/uploads\/2024\/12\/grafika33.jpg","datePublished":"2024-12-18T10:42:28+00:00","dateModified":"2024-12-18T10:42:29+00:00","description":"Magia \u015awi\u0105t w moim \u017cyciu to refleksje, rado\u015b\u0107 i smutek. Jak sp\u0119dzam \u015awi\u0119ta po stracie mamy i jak ten czas wp\u0142ywa na moje pisanie?","breadcrumb":{"@id":"https:\/\/agafrank.pl\/?p=240#breadcrumb"},"inLanguage":"en-US","potentialAction":[{"@type":"ReadAction","target":["https:\/\/agafrank.pl\/?p=240"]}]},{"@type":"ImageObject","inLanguage":"en-US","@id":"https:\/\/agafrank.pl\/?p=240#primaryimage","url":"https:\/\/agafrank.pl\/wp-content\/uploads\/2024\/12\/grafika33.jpg","contentUrl":"https:\/\/agafrank.pl\/wp-content\/uploads\/2024\/12\/grafika33.jpg","width":1772,"height":1181,"caption":"Magia \u015awi\u0105t \u2013 refleksyjny obraz \u015bwi\u0105tecznego nastroju i wspomnie\u0144."},{"@type":"BreadcrumbList","@id":"https:\/\/agafrank.pl\/?p=240#breadcrumb","itemListElement":[{"@type":"ListItem","position":1,"name":"Home","item":"https:\/\/agafrank.pl\/"},{"@type":"ListItem","position":2,"name":"Magia \u015awi\u0105t w moim \u017cyciu \u2013 wspomnienia, smutek i nadzieja"}]},{"@type":"WebSite","@id":"https:\/\/agafrank.pl\/#website","url":"https:\/\/agafrank.pl\/","name":"Aga Frank","description":"Pisz\u0119, bo lubi\u0119...","publisher":{"@id":"https:\/\/agafrank.pl\/#\/schema\/person\/86f157a40daf141245423c681e2f82fc"},"potentialAction":[{"@type":"SearchAction","target":{"@type":"EntryPoint","urlTemplate":"https:\/\/agafrank.pl\/?s={search_term_string}"},"query-input":{"@type":"PropertyValueSpecification","valueRequired":true,"valueName":"search_term_string"}}],"inLanguage":"en-US"},{"@type":["Person","Organization"],"@id":"https:\/\/agafrank.pl\/#\/schema\/person\/86f157a40daf141245423c681e2f82fc","name":"Aga","image":{"@type":"ImageObject","inLanguage":"en-US","@id":"https:\/\/agafrank.pl\/wp-content\/uploads\/2024\/08\/grafika6.jpg","url":"https:\/\/agafrank.pl\/wp-content\/uploads\/2024\/08\/grafika6.jpg","contentUrl":"https:\/\/agafrank.pl\/wp-content\/uploads\/2024\/08\/grafika6.jpg","width":1772,"height":1181,"caption":"Aga"},"logo":{"@id":"https:\/\/agafrank.pl\/wp-content\/uploads\/2024\/08\/grafika6.jpg"},"sameAs":["http:\/\/agafrank.pl","www.instagram.com\/agafrank"],"url":"https:\/\/agafrank.pl\/?author=2"}]}},"_links":{"self":[{"href":"https:\/\/agafrank.pl\/index.php?rest_route=\/wp\/v2\/posts\/240","targetHints":{"allow":["GET"]}}],"collection":[{"href":"https:\/\/agafrank.pl\/index.php?rest_route=\/wp\/v2\/posts"}],"about":[{"href":"https:\/\/agafrank.pl\/index.php?rest_route=\/wp\/v2\/types\/post"}],"author":[{"embeddable":true,"href":"https:\/\/agafrank.pl\/index.php?rest_route=\/wp\/v2\/users\/2"}],"replies":[{"embeddable":true,"href":"https:\/\/agafrank.pl\/index.php?rest_route=%2Fwp%2Fv2%2Fcomments&post=240"}],"version-history":[{"count":1,"href":"https:\/\/agafrank.pl\/index.php?rest_route=\/wp\/v2\/posts\/240\/revisions"}],"predecessor-version":[{"id":242,"href":"https:\/\/agafrank.pl\/index.php?rest_route=\/wp\/v2\/posts\/240\/revisions\/242"}],"wp:featuredmedia":[{"embeddable":true,"href":"https:\/\/agafrank.pl\/index.php?rest_route=\/wp\/v2\/media\/241"}],"wp:attachment":[{"href":"https:\/\/agafrank.pl\/index.php?rest_route=%2Fwp%2Fv2%2Fmedia&parent=240"}],"wp:term":[{"taxonomy":"category","embeddable":true,"href":"https:\/\/agafrank.pl\/index.php?rest_route=%2Fwp%2Fv2%2Fcategories&post=240"},{"taxonomy":"post_tag","embeddable":true,"href":"https:\/\/agafrank.pl\/index.php?rest_route=%2Fwp%2Fv2%2Ftags&post=240"}],"curies":[{"name":"wp","href":"https:\/\/api.w.org\/{rel}","templated":true}]}}