{"id":237,"date":"2024-12-16T08:39:27","date_gmt":"2024-12-16T07:39:27","guid":{"rendered":"https:\/\/agafrank.pl\/?p=237"},"modified":"2024-12-16T08:39:28","modified_gmt":"2024-12-16T07:39:28","slug":"strata-mamy-refleksje-wspomnienia","status":"publish","type":"post","link":"https:\/\/agafrank.pl\/?p=237","title":{"rendered":"Strata mamy \u2013 moje refleksje i wspomnienia"},"content":{"rendered":"\n<p>Czwartek, 5 grudnia. Dzie\u0144, kt\u00f3ry na zawsze zmieni\u0142 moje \u017cycie. Dwa dni temu, w sobot\u0119, po\u017cegnali\u015bmy moj\u0105 mam\u0119 na zawsze. Przez ostatnie dwa lata zmaga\u0142a si\u0119 z chorob\u0105 onkologiczn\u0105, a ostatnie miesi\u0105ce by\u0142y niezwykle trudne zar\u00f3wno dla niej, jak i dla nas. Teraz, kiedy jej ju\u017c nie ma, pr\u00f3buj\u0119 zebra\u0107 my\u015bli, wspomnienia i uczucia, kt\u00f3re kr\u0105\u017c\u0105 wok\u00f3\u0142 niej, a tak\u017ce wok\u00f3\u0142 pustki, kt\u00f3r\u0105 po sobie zostawi\u0142a.<\/p>\n\n\n\n<h3 class=\"wp-block-heading\">Mama \u2013 moja opoka, m\u00f3j fundament<\/h3>\n\n\n\n<p>Mama by\u0142a niezwyk\u0142\u0105 osob\u0105. To kobieta, kt\u00f3ra przesz\u0142a w \u017cyciu wiele \u2013 straci\u0142a dw\u00f3ch syn\u00f3w, zmaga\u0142a si\u0119 z trudnymi relacjami rodzinnymi i wieloma innymi trudno\u015bciami. Jednak pomimo tego wszystkiego zawsze zachowywa\u0142a rado\u015b\u0107 \u017cycia. By\u0142a zaradna, odwa\u017cna i zawsze gotowa pom\u00f3c. Lubi\u0142a ludzi, uwielbia\u0142a by\u0107 w\u015br\u00f3d nich, czerpa\u0142a z tego energi\u0119. Jej charakterystyczne \u201enie martw si\u0119, c\u00f3rcia\u201d zawsze mnie uspokaja\u0142o. Teraz to zdanie ma dla mnie jeszcze wi\u0119ksze znaczenie.<\/p>\n\n\n\n<p>Jedn\u0105 z rzeczy, kt\u00f3re najbardziej zapad\u0142y mi w pami\u0119\u0107, by\u0142 jej zwyczaj czekania. Niezale\u017cnie od tego, czy tata wraca\u0142 z delegacji, czy ja z egzamin\u00f3w, zawsze czeka\u0142a. Kiedy wraca\u0142am p\u00f3\u017ano w nocy, sta\u0142a na balkonie, wypatruj\u0105c mnie i machaj\u0105c na powitanie. To by\u0142o jak \u015bwiat\u0142o w mroku, kt\u00f3re dawa\u0142o mi si\u0142\u0119 i otuch\u0119.<\/p>\n\n\n\n<h3 class=\"wp-block-heading\">\u017bycie pe\u0142ne wspomnie\u0144<\/h3>\n\n\n\n<p>Wspomnienia o mamie s\u0105 wsz\u0119dzie \u2013 w domu, w przedmiotach, w miejscach, kt\u00f3re odwiedzali\u015bmy razem. Chcia\u0142abym teraz powr\u00f3ci\u0107 do tych miejsc i przypomnie\u0107 sobie ka\u017cd\u0105 chwil\u0119 sp\u0119dzon\u0105 razem. Wyjazdy, spacery, rozmowy \u2013 to wszystko mia\u0142o ogromne znaczenie. Gdy mieszka\u0142am jeszcze w rodzinnym domu, chodzi\u0142y\u015bmy razem na spacery z pieskiem. Po mojej wyprowadzce te spacery zamieni\u0142y si\u0119 w d\u0142ugie rozmowy telefoniczne.<\/p>\n\n\n\n<p>Mama mia\u0142a swoje ulubione piosenki i ksi\u0105\u017cki. \u201e<a href=\"https:\/\/www.youtube.com\/watch?v=btGejFkWr38\">Nie spoczniemy<\/a>\u201d Czerwonych Gitar i \u201e<a href=\"https:\/\/lubimyczytac.pl\/ksiazka\/4987237\/noce-i-dnie-tom-1\">Noce i dnie<\/a>\u201d Marii D\u0105browskiej \u2013 te utwory teraz kojarz\u0105 mi si\u0119 wy\u0142\u0105cznie z ni\u0105. By\u0142a osob\u0105 niezwykle siln\u0105, mimo \u017ce nieraz bywa\u0142a z\u0142amana. Zawsze znajdowa\u0142a w sobie si\u0142\u0119, by si\u0119 podnie\u015b\u0107 i i\u015b\u0107 dalej.<\/p>\n\n\n\n<h3 class=\"wp-block-heading\">Pustka po stracie<\/h3>\n\n\n\n<p>Ka\u017cda \u015bmier\u0107 jest przypomnieniem, \u017ce \u017cycie jest kruche, a my musimy z niego czerpa\u0107 pe\u0142nymi gar\u015bciami. Jednak dla mnie, jako introwertyka, to nie jest takie proste. Teraz staram si\u0119 zag\u0142uszy\u0107 b\u00f3l prac\u0105, co chwilowo dzia\u0142a, ale wiem, \u017ce to nie jest d\u0142ugoterminowe rozwi\u0105zanie.<\/p>\n\n\n\n<p>Przede mn\u0105 pierwsze \u015bwi\u0119ta bez mamy. Nie wiem, jak sobie z tym poradz\u0119. By\u0142a osob\u0105, kt\u00f3ra potrafi\u0142a za\u0142atwi\u0107 wszystko, rozwi\u0105za\u0107 ka\u017cdy problem. Teraz musz\u0119 nauczy\u0107 si\u0119 radzi\u0107 sobie sama, bez niej.<\/p>\n\n\n\n<h3 class=\"wp-block-heading\">Lekcje od mamy<\/h3>\n\n\n\n<p>Mama nauczy\u0142a mnie, \u017ce rozmowa to nie wszystko. Wa\u017cne jest, aby m\u00f3wi\u0107 o trudnych rzeczach, \u017ceby po \u015bmierci nie pozostawa\u0142y tajemnice i niedopowiedzenia. Chcia\u0142abym, \u017ceby ludzie pami\u0119tali o niej jako o osobie u\u015bmiechni\u0119tej, pe\u0142nej \u017cycia i optymizmu. I wiem, \u017ce tak b\u0119dzie. Mama uwielbia\u0142a wzbudza\u0107 emocje, a teraz, po jej odej\u015bciu, nadal to robi.<\/p>\n\n\n\n<h3 class=\"wp-block-heading\">Na zawsze w moim sercu<\/h3>\n\n\n\n<p>Teraz, gdy jej ju\u017c nie ma, pisz\u0119 do niej listy. To moja forma radzenia sobie z pustk\u0105. Opowiadam jej wszystko, co chcia\u0142abym powiedzie\u0107 na g\u0142os, gdyby tu by\u0142a. Brakuje mi tylko jej odpowiedzi. Wierz\u0119 jednak, \u017ce jest gdzie\u015b tam, z bliskimi<\/p>\n\n\n\n<p><\/p>\n\n\n\n<p><\/p>\n\n\n\n<h3 class=\"wp-block-heading\">Polecane wpisy:<\/h3>\n\n\n\n<ul class=\"wp-block-list\">\n<li><a href=\"https:\/\/agafrank.pl\/?p=160\">Zwierz\u0119ta w literaturze \u2013 dlaczego nie umieszczam ich w moich opowie\u015bciach?<\/a><\/li>\n\n\n\n<li><a href=\"https:\/\/agafrank.pl\/?p=178\">Moje pierwsze pisarskie pr\u00f3by \u2013 jak to wszystko si\u0119 zacz\u0119\u0142o<\/a><\/li>\n<\/ul>\n","protected":false},"excerpt":{"rendered":"<p>Czwartek, 5 grudnia. Dzie\u0144, kt\u00f3ry na zawsze zmieni\u0142 moje \u017cycie. Dwa dni temu, w sobot\u0119, po\u017cegnali\u015bmy moj\u0105 mam\u0119 na zawsze. Przez ostatnie dwa lata zmaga\u0142a si\u0119 z chorob\u0105 onkologiczn\u0105, a ostatnie miesi\u0105ce by\u0142y niezwykle trudne zar\u00f3wno dla niej, jak i dla nas. Teraz, kiedy jej ju\u017c nie ma, pr\u00f3buj\u0119 zebra\u0107 my\u015bli, wspomnienia i uczucia, kt\u00f3re&#8230;<\/p>\n","protected":false},"author":2,"featured_media":238,"comment_status":"open","ping_status":"open","sticky":false,"template":"","format":"standard","meta":{"footnotes":""},"categories":[54,44],"tags":[11,43,77],"class_list":["post-237","post","type-post","status-publish","format-standard","has-post-thumbnail","hentry","category-luzne-przemyslenia","category-o-mnie","tag-aga-frank","tag-poniedzialki","tag-rodzina"],"yoast_head":"<!-- This site is optimized with the Yoast SEO plugin v27.5 - https:\/\/yoast.com\/product\/yoast-seo-wordpress\/ -->\n<title>Strata mamy \u2013 moje refleksje i wspomnienia<\/title>\n<meta name=\"description\" content=\"Strata mamy to moment, kt\u00f3ry zmienia \u017cycie. Wspomnienia, emocje i refleksje na temat tego, jak wiele dla mnie znaczy\u0142a, pomagaj\u0105 mi radzi\u0107 sobie z \u017calem.\" \/>\n<meta name=\"robots\" content=\"index, follow, max-snippet:-1, max-image-preview:large, max-video-preview:-1\" \/>\n<link rel=\"canonical\" href=\"https:\/\/agafrank.pl\/?p=237\" \/>\n<meta property=\"og:locale\" content=\"en_US\" \/>\n<meta property=\"og:type\" content=\"article\" \/>\n<meta property=\"og:title\" content=\"Strata mamy \u2013 moje refleksje i wspomnienia\" \/>\n<meta property=\"og:description\" content=\"Strata mamy to moment, kt\u00f3ry zmienia \u017cycie. Wspomnienia, emocje i refleksje na temat tego, jak wiele dla mnie znaczy\u0142a, pomagaj\u0105 mi radzi\u0107 sobie z \u017calem.\" \/>\n<meta property=\"og:url\" content=\"https:\/\/agafrank.pl\/?p=237\" \/>\n<meta property=\"og:site_name\" content=\"Aga Frank\" \/>\n<meta property=\"article:published_time\" content=\"2024-12-16T07:39:27+00:00\" \/>\n<meta property=\"article:modified_time\" content=\"2024-12-16T07:39:28+00:00\" \/>\n<meta property=\"og:image\" content=\"https:\/\/agafrank.pl\/wp-content\/uploads\/2024\/12\/grafika32.jpg\" \/>\n\t<meta property=\"og:image:width\" content=\"1772\" \/>\n\t<meta property=\"og:image:height\" content=\"1181\" \/>\n\t<meta property=\"og:image:type\" content=\"image\/jpeg\" \/>\n<meta name=\"author\" content=\"Aga\" \/>\n<meta name=\"twitter:card\" content=\"summary_large_image\" \/>\n<meta name=\"twitter:label1\" content=\"Written by\" \/>\n\t<meta name=\"twitter:data1\" content=\"Aga\" \/>\n\t<meta name=\"twitter:label2\" content=\"Est. reading time\" \/>\n\t<meta name=\"twitter:data2\" content=\"3 minutes\" \/>\n<script type=\"application\/ld+json\" class=\"yoast-schema-graph\">{\"@context\":\"https:\\\/\\\/schema.org\",\"@graph\":[{\"@type\":\"Article\",\"@id\":\"https:\\\/\\\/agafrank.pl\\\/?p=237#article\",\"isPartOf\":{\"@id\":\"https:\\\/\\\/agafrank.pl\\\/?p=237\"},\"author\":{\"name\":\"Aga\",\"@id\":\"https:\\\/\\\/agafrank.pl\\\/#\\\/schema\\\/person\\\/86f157a40daf141245423c681e2f82fc\"},\"headline\":\"Strata mamy \u2013 moje refleksje i wspomnienia\",\"datePublished\":\"2024-12-16T07:39:27+00:00\",\"dateModified\":\"2024-12-16T07:39:28+00:00\",\"mainEntityOfPage\":{\"@id\":\"https:\\\/\\\/agafrank.pl\\\/?p=237\"},\"wordCount\":608,\"commentCount\":0,\"publisher\":{\"@id\":\"https:\\\/\\\/agafrank.pl\\\/#\\\/schema\\\/person\\\/86f157a40daf141245423c681e2f82fc\"},\"image\":{\"@id\":\"https:\\\/\\\/agafrank.pl\\\/?p=237#primaryimage\"},\"thumbnailUrl\":\"https:\\\/\\\/agafrank.pl\\\/wp-content\\\/uploads\\\/2024\\\/12\\\/grafika32.jpg\",\"keywords\":[\"Aga Frank\",\"poniedzia\u0142ki\",\"rodzina\"],\"articleSection\":[\"Lu\u017ane przemy\u015blenia\",\"O mnie - Aga Frank\"],\"inLanguage\":\"en-US\",\"potentialAction\":[{\"@type\":\"CommentAction\",\"name\":\"Comment\",\"target\":[\"https:\\\/\\\/agafrank.pl\\\/?p=237#respond\"]}]},{\"@type\":\"WebPage\",\"@id\":\"https:\\\/\\\/agafrank.pl\\\/?p=237\",\"url\":\"https:\\\/\\\/agafrank.pl\\\/?p=237\",\"name\":\"Strata mamy \u2013 moje refleksje i wspomnienia\",\"isPartOf\":{\"@id\":\"https:\\\/\\\/agafrank.pl\\\/#website\"},\"primaryImageOfPage\":{\"@id\":\"https:\\\/\\\/agafrank.pl\\\/?p=237#primaryimage\"},\"image\":{\"@id\":\"https:\\\/\\\/agafrank.pl\\\/?p=237#primaryimage\"},\"thumbnailUrl\":\"https:\\\/\\\/agafrank.pl\\\/wp-content\\\/uploads\\\/2024\\\/12\\\/grafika32.jpg\",\"datePublished\":\"2024-12-16T07:39:27+00:00\",\"dateModified\":\"2024-12-16T07:39:28+00:00\",\"description\":\"Strata mamy to moment, kt\u00f3ry zmienia \u017cycie. Wspomnienia, emocje i refleksje na temat tego, jak wiele dla mnie znaczy\u0142a, pomagaj\u0105 mi radzi\u0107 sobie z \u017calem.\",\"breadcrumb\":{\"@id\":\"https:\\\/\\\/agafrank.pl\\\/?p=237#breadcrumb\"},\"inLanguage\":\"en-US\",\"potentialAction\":[{\"@type\":\"ReadAction\",\"target\":[\"https:\\\/\\\/agafrank.pl\\\/?p=237\"]}]},{\"@type\":\"ImageObject\",\"inLanguage\":\"en-US\",\"@id\":\"https:\\\/\\\/agafrank.pl\\\/?p=237#primaryimage\",\"url\":\"https:\\\/\\\/agafrank.pl\\\/wp-content\\\/uploads\\\/2024\\\/12\\\/grafika32.jpg\",\"contentUrl\":\"https:\\\/\\\/agafrank.pl\\\/wp-content\\\/uploads\\\/2024\\\/12\\\/grafika32.jpg\",\"width\":1772,\"height\":1181,\"caption\":\"Wspomnienia o mamie \u2013 opoka, wsparcie i nieoceniona mi\u0142o\u015b\u0107.\"},{\"@type\":\"BreadcrumbList\",\"@id\":\"https:\\\/\\\/agafrank.pl\\\/?p=237#breadcrumb\",\"itemListElement\":[{\"@type\":\"ListItem\",\"position\":1,\"name\":\"Home\",\"item\":\"https:\\\/\\\/agafrank.pl\\\/\"},{\"@type\":\"ListItem\",\"position\":2,\"name\":\"Strata mamy \u2013 moje refleksje i wspomnienia\"}]},{\"@type\":\"WebSite\",\"@id\":\"https:\\\/\\\/agafrank.pl\\\/#website\",\"url\":\"https:\\\/\\\/agafrank.pl\\\/\",\"name\":\"Aga Frank\",\"description\":\"Pisz\u0119, bo lubi\u0119...\",\"publisher\":{\"@id\":\"https:\\\/\\\/agafrank.pl\\\/#\\\/schema\\\/person\\\/86f157a40daf141245423c681e2f82fc\"},\"potentialAction\":[{\"@type\":\"SearchAction\",\"target\":{\"@type\":\"EntryPoint\",\"urlTemplate\":\"https:\\\/\\\/agafrank.pl\\\/?s={search_term_string}\"},\"query-input\":{\"@type\":\"PropertyValueSpecification\",\"valueRequired\":true,\"valueName\":\"search_term_string\"}}],\"inLanguage\":\"en-US\"},{\"@type\":[\"Person\",\"Organization\"],\"@id\":\"https:\\\/\\\/agafrank.pl\\\/#\\\/schema\\\/person\\\/86f157a40daf141245423c681e2f82fc\",\"name\":\"Aga\",\"image\":{\"@type\":\"ImageObject\",\"inLanguage\":\"en-US\",\"@id\":\"https:\\\/\\\/agafrank.pl\\\/wp-content\\\/uploads\\\/2024\\\/08\\\/grafika6.jpg\",\"url\":\"https:\\\/\\\/agafrank.pl\\\/wp-content\\\/uploads\\\/2024\\\/08\\\/grafika6.jpg\",\"contentUrl\":\"https:\\\/\\\/agafrank.pl\\\/wp-content\\\/uploads\\\/2024\\\/08\\\/grafika6.jpg\",\"width\":1772,\"height\":1181,\"caption\":\"Aga\"},\"logo\":{\"@id\":\"https:\\\/\\\/agafrank.pl\\\/wp-content\\\/uploads\\\/2024\\\/08\\\/grafika6.jpg\"},\"sameAs\":[\"http:\\\/\\\/agafrank.pl\",\"www.instagram.com\\\/agafrank\"],\"url\":\"https:\\\/\\\/agafrank.pl\\\/?author=2\"}]}<\/script>\n<!-- \/ Yoast SEO plugin. -->","yoast_head_json":{"title":"Strata mamy \u2013 moje refleksje i wspomnienia","description":"Strata mamy to moment, kt\u00f3ry zmienia \u017cycie. Wspomnienia, emocje i refleksje na temat tego, jak wiele dla mnie znaczy\u0142a, pomagaj\u0105 mi radzi\u0107 sobie z \u017calem.","robots":{"index":"index","follow":"follow","max-snippet":"max-snippet:-1","max-image-preview":"max-image-preview:large","max-video-preview":"max-video-preview:-1"},"canonical":"https:\/\/agafrank.pl\/?p=237","og_locale":"en_US","og_type":"article","og_title":"Strata mamy \u2013 moje refleksje i wspomnienia","og_description":"Strata mamy to moment, kt\u00f3ry zmienia \u017cycie. Wspomnienia, emocje i refleksje na temat tego, jak wiele dla mnie znaczy\u0142a, pomagaj\u0105 mi radzi\u0107 sobie z \u017calem.","og_url":"https:\/\/agafrank.pl\/?p=237","og_site_name":"Aga Frank","article_published_time":"2024-12-16T07:39:27+00:00","article_modified_time":"2024-12-16T07:39:28+00:00","og_image":[{"width":1772,"height":1181,"url":"https:\/\/agafrank.pl\/wp-content\/uploads\/2024\/12\/grafika32.jpg","type":"image\/jpeg"}],"author":"Aga","twitter_card":"summary_large_image","twitter_misc":{"Written by":"Aga","Est. reading time":"3 minutes"},"schema":{"@context":"https:\/\/schema.org","@graph":[{"@type":"Article","@id":"https:\/\/agafrank.pl\/?p=237#article","isPartOf":{"@id":"https:\/\/agafrank.pl\/?p=237"},"author":{"name":"Aga","@id":"https:\/\/agafrank.pl\/#\/schema\/person\/86f157a40daf141245423c681e2f82fc"},"headline":"Strata mamy \u2013 moje refleksje i wspomnienia","datePublished":"2024-12-16T07:39:27+00:00","dateModified":"2024-12-16T07:39:28+00:00","mainEntityOfPage":{"@id":"https:\/\/agafrank.pl\/?p=237"},"wordCount":608,"commentCount":0,"publisher":{"@id":"https:\/\/agafrank.pl\/#\/schema\/person\/86f157a40daf141245423c681e2f82fc"},"image":{"@id":"https:\/\/agafrank.pl\/?p=237#primaryimage"},"thumbnailUrl":"https:\/\/agafrank.pl\/wp-content\/uploads\/2024\/12\/grafika32.jpg","keywords":["Aga Frank","poniedzia\u0142ki","rodzina"],"articleSection":["Lu\u017ane przemy\u015blenia","O mnie - Aga Frank"],"inLanguage":"en-US","potentialAction":[{"@type":"CommentAction","name":"Comment","target":["https:\/\/agafrank.pl\/?p=237#respond"]}]},{"@type":"WebPage","@id":"https:\/\/agafrank.pl\/?p=237","url":"https:\/\/agafrank.pl\/?p=237","name":"Strata mamy \u2013 moje refleksje i wspomnienia","isPartOf":{"@id":"https:\/\/agafrank.pl\/#website"},"primaryImageOfPage":{"@id":"https:\/\/agafrank.pl\/?p=237#primaryimage"},"image":{"@id":"https:\/\/agafrank.pl\/?p=237#primaryimage"},"thumbnailUrl":"https:\/\/agafrank.pl\/wp-content\/uploads\/2024\/12\/grafika32.jpg","datePublished":"2024-12-16T07:39:27+00:00","dateModified":"2024-12-16T07:39:28+00:00","description":"Strata mamy to moment, kt\u00f3ry zmienia \u017cycie. Wspomnienia, emocje i refleksje na temat tego, jak wiele dla mnie znaczy\u0142a, pomagaj\u0105 mi radzi\u0107 sobie z \u017calem.","breadcrumb":{"@id":"https:\/\/agafrank.pl\/?p=237#breadcrumb"},"inLanguage":"en-US","potentialAction":[{"@type":"ReadAction","target":["https:\/\/agafrank.pl\/?p=237"]}]},{"@type":"ImageObject","inLanguage":"en-US","@id":"https:\/\/agafrank.pl\/?p=237#primaryimage","url":"https:\/\/agafrank.pl\/wp-content\/uploads\/2024\/12\/grafika32.jpg","contentUrl":"https:\/\/agafrank.pl\/wp-content\/uploads\/2024\/12\/grafika32.jpg","width":1772,"height":1181,"caption":"Wspomnienia o mamie \u2013 opoka, wsparcie i nieoceniona mi\u0142o\u015b\u0107."},{"@type":"BreadcrumbList","@id":"https:\/\/agafrank.pl\/?p=237#breadcrumb","itemListElement":[{"@type":"ListItem","position":1,"name":"Home","item":"https:\/\/agafrank.pl\/"},{"@type":"ListItem","position":2,"name":"Strata mamy \u2013 moje refleksje i wspomnienia"}]},{"@type":"WebSite","@id":"https:\/\/agafrank.pl\/#website","url":"https:\/\/agafrank.pl\/","name":"Aga Frank","description":"Pisz\u0119, bo lubi\u0119...","publisher":{"@id":"https:\/\/agafrank.pl\/#\/schema\/person\/86f157a40daf141245423c681e2f82fc"},"potentialAction":[{"@type":"SearchAction","target":{"@type":"EntryPoint","urlTemplate":"https:\/\/agafrank.pl\/?s={search_term_string}"},"query-input":{"@type":"PropertyValueSpecification","valueRequired":true,"valueName":"search_term_string"}}],"inLanguage":"en-US"},{"@type":["Person","Organization"],"@id":"https:\/\/agafrank.pl\/#\/schema\/person\/86f157a40daf141245423c681e2f82fc","name":"Aga","image":{"@type":"ImageObject","inLanguage":"en-US","@id":"https:\/\/agafrank.pl\/wp-content\/uploads\/2024\/08\/grafika6.jpg","url":"https:\/\/agafrank.pl\/wp-content\/uploads\/2024\/08\/grafika6.jpg","contentUrl":"https:\/\/agafrank.pl\/wp-content\/uploads\/2024\/08\/grafika6.jpg","width":1772,"height":1181,"caption":"Aga"},"logo":{"@id":"https:\/\/agafrank.pl\/wp-content\/uploads\/2024\/08\/grafika6.jpg"},"sameAs":["http:\/\/agafrank.pl","www.instagram.com\/agafrank"],"url":"https:\/\/agafrank.pl\/?author=2"}]}},"_links":{"self":[{"href":"https:\/\/agafrank.pl\/index.php?rest_route=\/wp\/v2\/posts\/237","targetHints":{"allow":["GET"]}}],"collection":[{"href":"https:\/\/agafrank.pl\/index.php?rest_route=\/wp\/v2\/posts"}],"about":[{"href":"https:\/\/agafrank.pl\/index.php?rest_route=\/wp\/v2\/types\/post"}],"author":[{"embeddable":true,"href":"https:\/\/agafrank.pl\/index.php?rest_route=\/wp\/v2\/users\/2"}],"replies":[{"embeddable":true,"href":"https:\/\/agafrank.pl\/index.php?rest_route=%2Fwp%2Fv2%2Fcomments&post=237"}],"version-history":[{"count":1,"href":"https:\/\/agafrank.pl\/index.php?rest_route=\/wp\/v2\/posts\/237\/revisions"}],"predecessor-version":[{"id":239,"href":"https:\/\/agafrank.pl\/index.php?rest_route=\/wp\/v2\/posts\/237\/revisions\/239"}],"wp:featuredmedia":[{"embeddable":true,"href":"https:\/\/agafrank.pl\/index.php?rest_route=\/wp\/v2\/media\/238"}],"wp:attachment":[{"href":"https:\/\/agafrank.pl\/index.php?rest_route=%2Fwp%2Fv2%2Fmedia&parent=237"}],"wp:term":[{"taxonomy":"category","embeddable":true,"href":"https:\/\/agafrank.pl\/index.php?rest_route=%2Fwp%2Fv2%2Fcategories&post=237"},{"taxonomy":"post_tag","embeddable":true,"href":"https:\/\/agafrank.pl\/index.php?rest_route=%2Fwp%2Fv2%2Ftags&post=237"}],"curies":[{"name":"wp","href":"https:\/\/api.w.org\/{rel}","templated":true}]}}