{"id":197,"date":"2024-10-01T09:37:34","date_gmt":"2024-10-01T07:37:34","guid":{"rendered":"https:\/\/agafrank.pl\/?p=197"},"modified":"2024-10-01T09:52:20","modified_gmt":"2024-10-01T07:52:20","slug":"miedzynarodowy-dzien-wegetarianizmu","status":"publish","type":"post","link":"https:\/\/agafrank.pl\/?p=197","title":{"rendered":"Mi\u0119dzynarodowy Dzie\u0144 Wegetarianizmu \u2013 moja droga ku diecie ro\u015blinnej"},"content":{"rendered":"\n<p>Mi\u0119dzynarodowy Dzie\u0144 Wegetarianizmu, to dla mnie bardzo wa\u017cny dzie\u0144, ale zanim poj\u0119cie wegetarianizmu zyska\u0142o w Polsce popularno\u015b\u0107, moja droga ku diecie ro\u015blinnej zacz\u0119\u0142a si\u0119 ju\u017c w dzieci\u0144stwie. Mi\u0119so nigdy nie by\u0142o moim ulubionym sk\u0142adnikiem posi\u0142k\u00f3w \u2013 wr\u0119cz przeciwnie. Pami\u0119tam, jak rodzice pr\u00f3bowali zmusza\u0107 mnie do jedzenia mi\u0119sa, co zwykle ko\u0144czy\u0142o si\u0119 awanturami, a czasem nawet histeri\u0105. Moje cia\u0142o po prostu odrzuca\u0142o je z miejsca. Wtedy jeszcze nie wiedzia\u0142am, \u017ce istnieje co\u015b takiego jak wegetarianizm \u2013 m\u00f3wi\u0142am po prostu, \u017ce jestem \u201ejaroszem\u201d.<\/p>\n\n\n\n<h3 class=\"wp-block-heading\">Odkrywanie wegetarianizmu<\/h3>\n\n\n\n<p>Moje dzieci\u0144stwo pe\u0142ne by\u0142o nie\u015bwiadomych kompromis\u00f3w. Unika\u0142am mi\u0119sa w postaci kotlet\u00f3w, ale nie dostrzega\u0142am jeszcze, \u017ce w innych potrawach \u2013 takich jak bigos czy zupy gotowane na ko\u015bciach \u2013 te\u017c ono by\u0142o. Z biegiem lat, wraz z rosn\u0105c\u0105 \u015bwiadomo\u015bci\u0105 na temat zwierz\u0105t, kt\u00f3re zawsze darzy\u0142am wielk\u0105 sympati\u0105, zacz\u0119\u0142am zwraca\u0107 uwag\u0119 na to, co jem. By\u0142am coraz bardziej \u015bwiadoma wybor\u00f3w, kt\u00f3re podejmowa\u0142am na co dzie\u0144.<\/p>\n\n\n\n<p>Gdy pozna\u0142am poj\u0119cie wegetarianizmu, sta\u0142o si\u0119 ono dla mnie czym\u015b naturalnym. Z czasem zacz\u0119\u0142am unika\u0107 mi\u0119sa we wszystkich formach, a w moim jad\u0142ospisie pojawi\u0142y si\u0119 ro\u015bliny, ziarna, owoce i warzywa.<\/p>\n\n\n\n<p><\/p>\n\n\n\n<h3 class=\"wp-block-heading\">Przej\u015bcie na weganizm<\/h3>\n\n\n\n<p>Wegetariank\u0105 by\u0142am przez wi\u0119kszo\u015b\u0107 \u017cycia, ale cztery lata temu nast\u0105pi\u0142a rewolucja. Zdecydowa\u0142am si\u0119 obejrze\u0107 dokument o przemy\u015ble mleczarskim, kt\u00f3ry zszokowa\u0142 mnie na tyle, \u017ce postanowi\u0142am ca\u0142kowicie zrezygnowa\u0107 z produkt\u00f3w odzwierz\u0119cych. Wega\u0144ska dieta sta\u0142a si\u0119 dla mnie nie tylko wyborem etycznym, ale i zdrowotnym.<\/p>\n\n\n\n<p>Jajka nigdy mi nie smakowa\u0142y, wi\u0119c ta zmiana nie by\u0142a trudna. Natomiast sery, jogurty i inne produkty mleczne \u2013 to by\u0142o moje ostatnie przywi\u0105zanie do wegetarianizmu. Kiedy jednak zrozumia\u0142am, jak wygl\u0105da proces produkcji nabia\u0142u, zerwa\u0142am z tym na dobre.<\/p>\n\n\n\n<h3 class=\"wp-block-heading\">Pierwsze kroki na diecie ro\u015blinnej<\/h3>\n\n\n\n<p>Pocz\u0105tki weganizmu nie by\u0142y \u0142atwe. Zdziwi\u0142am si\u0119, jak wiele produkt\u00f3w ro\u015blinnych smakiem i konsystencj\u0105 przypomina mi\u0119so. Czasami tak bardzo, \u017ce a\u017c trudno by\u0142o mi je je\u015b\u0107! Z czasem jednak nauczy\u0142am si\u0119 docenia\u0107 te nowe smaki, a dzisiaj jestem zachwycona bogactwem dost\u0119pnych produkt\u00f3w wega\u0144skich. M\u00f3j bratanek, co prawda, nadal twierdzi, \u017ce niekt\u00f3re z nich smakuj\u0105 jak tektura lub myd\u0142o, ale to tylko kwestia przyzwyczajenia \ud83d\ude09<\/p>\n\n\n\n<p>Dieta ro\u015blinna daje mi ogrom satysfakcji \u2013 zar\u00f3wno pod wzgl\u0119dem zdrowotnym, jak i etycznym. Ograniczenie spo\u017cywania produkt\u00f3w odzwierz\u0119cych jest jedn\u0105 z najlepszych decyzji, jakie podj\u0119\u0142am.<\/p>\n\n\n\n<h3 class=\"wp-block-heading\">Dlaczego warto spr\u00f3bowa\u0107?<\/h3>\n\n\n\n<p>Je\u015bli zastanawiasz si\u0119 nad przej\u015bciem na diet\u0119 ro\u015blinn\u0105, <strong>Mi\u0119dzynarodowy Dzie\u0144 Wegetarianizmu<\/strong> to idealna okazja, by zrobi\u0107 pierwszy krok, ale wiedz, \u017ce nie musisz robi\u0107 tego od razu. Ka\u017cdy ma swoje tempo, a ka\u017cda zmiana w stron\u0119 ro\u015blinnych posi\u0142k\u00f3w to krok w dobr\u0105 stron\u0119 \u2013 dla zdrowia, zwierz\u0105t i planety. Mo\u017cesz zacz\u0105\u0107 od wprowadzenia tzw. \u201ewegetaria\u0144skich poniedzia\u0142k\u00f3w\u201d lub spr\u00f3bowa\u0107 wega\u0144skich zamiennik\u00f3w produkt\u00f3w, kt\u00f3re lubisz.<\/p>\n\n\n\n<p>Dieta ro\u015blinna to nie tylko korzy\u015bci zdrowotne \u2013 ograniczenie mi\u0119sa w diecie zmniejsza ryzyko wielu chor\u00f3b, takich jak choroby serca czy cukrzyca. Poza tym, to tak\u017ce spos\u00f3b na ochron\u0119 zwierz\u0105t i \u015brodowiska. Je\u015bli chcesz dowiedzie\u0107 si\u0119 wi\u0119cej o moich przemy\u015bleniach na temat zwierz\u0105t, przeczytaj m\u00f3j wpis <a href=\"https:\/\/agafrank.pl\/?p=160\">tutaj<\/a>.<\/p>\n\n\n\n<hr class=\"wp-block-separator has-alpha-channel-opacity\"\/>\n\n\n\n<p><strong>Polecane linki:<\/strong><\/p>\n\n\n\n<ul class=\"wp-block-list\">\n<li><a href=\"https:\/\/www.wegetarianizm.org.pl\">Wegetarianizm \u2013 jak zacz\u0105\u0107? (Poradnik)<\/a><\/li>\n\n\n\n<li><a href=\"https:\/\/www.jadlonomia.com\">Wegetaria\u0144skie przepisy na ka\u017cdy dzie\u0144<\/a><\/li>\n\n\n\n<li><a href=\"https:\/\/www.vegansociety.com\">Dieta ro\u015blinna \u2013 korzy\u015bci zdrowotne i etyczne<\/a><\/li>\n\n\n\n<li><a href=\"https:\/\/www.wegetarianie.pl\">Polskie Stowarzyszenie Wegetarian<\/a><\/li>\n<\/ul>\n\n\n\n<hr class=\"wp-block-separator has-alpha-channel-opacity\"\/>\n\n\n\n<p>Mam nadziej\u0119, \u017ce ten tekst zainspiruje Was do rozwa\u017cenia wprowadzenia ro\u015blinnych posi\u0142k\u00f3w do codziennej diety. Wegetarianizm i weganizm to droga pe\u0142na smak\u00f3w i korzy\u015bci.<\/p>\n\n\n\n<p>Czy my\u015bleli\u015bcie kiedy\u015b o przej\u015bciu na diet\u0119 ro\u015blinn\u0105? Mo\u017ce macie ju\u017c za sob\u0105 swoje pierwsze kroki w stron\u0119 wegetarianizmu lub weganizmu?<\/p>\n","protected":false},"excerpt":{"rendered":"<p>Mi\u0119dzynarodowy Dzie\u0144 Wegetarianizmu, to dla mnie bardzo wa\u017cny dzie\u0144, ale zanim poj\u0119cie wegetarianizmu zyska\u0142o w Polsce popularno\u015b\u0107, moja droga ku diecie ro\u015blinnej zacz\u0119\u0142a si\u0119 ju\u017c w dzieci\u0144stwie. Mi\u0119so nigdy nie by\u0142o moim ulubionym sk\u0142adnikiem posi\u0142k\u00f3w \u2013 wr\u0119cz przeciwnie. Pami\u0119tam, jak rodzice pr\u00f3bowali zmusza\u0107 mnie do jedzenia mi\u0119sa, co zwykle ko\u0144czy\u0142o si\u0119 awanturami, a czasem nawet&#8230;<\/p>\n","protected":false},"author":2,"featured_media":198,"comment_status":"open","ping_status":"open","sticky":false,"template":"","format":"standard","meta":{"footnotes":""},"categories":[44,46],"tags":[11,59,61,60,47],"class_list":["post-197","post","type-post","status-publish","format-standard","has-post-thumbnail","hentry","category-o-mnie","category-zwierzeta","tag-aga-frank","tag-weganizm","tag-wege","tag-wegetarianizm","tag-zwierzeta"],"yoast_head":"<!-- This site is optimized with the Yoast SEO plugin v27.5 - https:\/\/yoast.com\/product\/yoast-seo-wordpress\/ -->\n<title>Mi\u0119dzynarodowy Dzie\u0144 Wegetarianizmu \u2013 droga ku diecie ro\u015blinnej<\/title>\n<meta name=\"description\" content=\"Poznaj moj\u0105 histori\u0119 drogi ku diecie ro\u015blinnej z okazji Mi\u0119dzynarodowego Dnia Wegetarianizmu. Dowiedz si\u0119, dlaczego wybra\u0142am weganizm\" \/>\n<meta name=\"robots\" content=\"index, follow, max-snippet:-1, max-image-preview:large, max-video-preview:-1\" \/>\n<link rel=\"canonical\" href=\"https:\/\/agafrank.pl\/?p=197\" \/>\n<meta property=\"og:locale\" content=\"en_US\" \/>\n<meta property=\"og:type\" content=\"article\" \/>\n<meta property=\"og:title\" content=\"Mi\u0119dzynarodowy Dzie\u0144 Wegetarianizmu \u2013 droga ku diecie ro\u015blinnej\" \/>\n<meta property=\"og:description\" content=\"Poznaj moj\u0105 histori\u0119 drogi ku diecie ro\u015blinnej z okazji Mi\u0119dzynarodowego Dnia Wegetarianizmu. Dowiedz si\u0119, dlaczego wybra\u0142am weganizm\" \/>\n<meta property=\"og:url\" content=\"https:\/\/agafrank.pl\/?p=197\" \/>\n<meta property=\"og:site_name\" content=\"Aga Frank\" \/>\n<meta property=\"article:published_time\" content=\"2024-10-01T07:37:34+00:00\" \/>\n<meta property=\"article:modified_time\" content=\"2024-10-01T07:52:20+00:00\" \/>\n<meta property=\"og:image\" content=\"https:\/\/agafrank.pl\/wp-content\/uploads\/2024\/10\/grafika23.jpg\" \/>\n\t<meta property=\"og:image:width\" content=\"1772\" \/>\n\t<meta property=\"og:image:height\" content=\"1181\" \/>\n\t<meta property=\"og:image:type\" content=\"image\/jpeg\" \/>\n<meta name=\"author\" content=\"Aga\" \/>\n<meta name=\"twitter:card\" content=\"summary_large_image\" \/>\n<meta name=\"twitter:label1\" content=\"Written by\" \/>\n\t<meta name=\"twitter:data1\" content=\"Aga\" \/>\n\t<meta name=\"twitter:label2\" content=\"Est. reading time\" \/>\n\t<meta name=\"twitter:data2\" content=\"3 minutes\" \/>\n<script type=\"application\/ld+json\" class=\"yoast-schema-graph\">{\"@context\":\"https:\\\/\\\/schema.org\",\"@graph\":[{\"@type\":\"Article\",\"@id\":\"https:\\\/\\\/agafrank.pl\\\/?p=197#article\",\"isPartOf\":{\"@id\":\"https:\\\/\\\/agafrank.pl\\\/?p=197\"},\"author\":{\"name\":\"Aga\",\"@id\":\"https:\\\/\\\/agafrank.pl\\\/#\\\/schema\\\/person\\\/86f157a40daf141245423c681e2f82fc\"},\"headline\":\"Mi\u0119dzynarodowy Dzie\u0144 Wegetarianizmu \u2013 moja droga ku diecie ro\u015blinnej\",\"datePublished\":\"2024-10-01T07:37:34+00:00\",\"dateModified\":\"2024-10-01T07:52:20+00:00\",\"mainEntityOfPage\":{\"@id\":\"https:\\\/\\\/agafrank.pl\\\/?p=197\"},\"wordCount\":680,\"commentCount\":0,\"publisher\":{\"@id\":\"https:\\\/\\\/agafrank.pl\\\/#\\\/schema\\\/person\\\/86f157a40daf141245423c681e2f82fc\"},\"image\":{\"@id\":\"https:\\\/\\\/agafrank.pl\\\/?p=197#primaryimage\"},\"thumbnailUrl\":\"https:\\\/\\\/agafrank.pl\\\/wp-content\\\/uploads\\\/2024\\\/10\\\/grafika23.jpg\",\"keywords\":[\"Aga Frank\",\"weganizm\",\"wege\",\"wegetarianizm\",\"zwierz\u0119ta\"],\"articleSection\":[\"O mnie - Aga Frank\",\"Zwierz\u0119ta\"],\"inLanguage\":\"en-US\",\"potentialAction\":[{\"@type\":\"CommentAction\",\"name\":\"Comment\",\"target\":[\"https:\\\/\\\/agafrank.pl\\\/?p=197#respond\"]}]},{\"@type\":\"WebPage\",\"@id\":\"https:\\\/\\\/agafrank.pl\\\/?p=197\",\"url\":\"https:\\\/\\\/agafrank.pl\\\/?p=197\",\"name\":\"Mi\u0119dzynarodowy Dzie\u0144 Wegetarianizmu \u2013 droga ku diecie ro\u015blinnej\",\"isPartOf\":{\"@id\":\"https:\\\/\\\/agafrank.pl\\\/#website\"},\"primaryImageOfPage\":{\"@id\":\"https:\\\/\\\/agafrank.pl\\\/?p=197#primaryimage\"},\"image\":{\"@id\":\"https:\\\/\\\/agafrank.pl\\\/?p=197#primaryimage\"},\"thumbnailUrl\":\"https:\\\/\\\/agafrank.pl\\\/wp-content\\\/uploads\\\/2024\\\/10\\\/grafika23.jpg\",\"datePublished\":\"2024-10-01T07:37:34+00:00\",\"dateModified\":\"2024-10-01T07:52:20+00:00\",\"description\":\"Poznaj moj\u0105 histori\u0119 drogi ku diecie ro\u015blinnej z okazji Mi\u0119dzynarodowego Dnia Wegetarianizmu. Dowiedz si\u0119, dlaczego wybra\u0142am weganizm\",\"breadcrumb\":{\"@id\":\"https:\\\/\\\/agafrank.pl\\\/?p=197#breadcrumb\"},\"inLanguage\":\"en-US\",\"potentialAction\":[{\"@type\":\"ReadAction\",\"target\":[\"https:\\\/\\\/agafrank.pl\\\/?p=197\"]}]},{\"@type\":\"ImageObject\",\"inLanguage\":\"en-US\",\"@id\":\"https:\\\/\\\/agafrank.pl\\\/?p=197#primaryimage\",\"url\":\"https:\\\/\\\/agafrank.pl\\\/wp-content\\\/uploads\\\/2024\\\/10\\\/grafika23.jpg\",\"contentUrl\":\"https:\\\/\\\/agafrank.pl\\\/wp-content\\\/uploads\\\/2024\\\/10\\\/grafika23.jpg\",\"width\":1772,\"height\":1181,\"caption\":\"Mi\u0119dzynarodowy Dzie\u0144 Wegetarianizmu \u2013 historia mojego przej\u015bcia na weganizm\"},{\"@type\":\"BreadcrumbList\",\"@id\":\"https:\\\/\\\/agafrank.pl\\\/?p=197#breadcrumb\",\"itemListElement\":[{\"@type\":\"ListItem\",\"position\":1,\"name\":\"Home\",\"item\":\"https:\\\/\\\/agafrank.pl\\\/\"},{\"@type\":\"ListItem\",\"position\":2,\"name\":\"Mi\u0119dzynarodowy Dzie\u0144 Wegetarianizmu \u2013 moja droga ku diecie ro\u015blinnej\"}]},{\"@type\":\"WebSite\",\"@id\":\"https:\\\/\\\/agafrank.pl\\\/#website\",\"url\":\"https:\\\/\\\/agafrank.pl\\\/\",\"name\":\"Aga Frank\",\"description\":\"Pisz\u0119, bo lubi\u0119...\",\"publisher\":{\"@id\":\"https:\\\/\\\/agafrank.pl\\\/#\\\/schema\\\/person\\\/86f157a40daf141245423c681e2f82fc\"},\"potentialAction\":[{\"@type\":\"SearchAction\",\"target\":{\"@type\":\"EntryPoint\",\"urlTemplate\":\"https:\\\/\\\/agafrank.pl\\\/?s={search_term_string}\"},\"query-input\":{\"@type\":\"PropertyValueSpecification\",\"valueRequired\":true,\"valueName\":\"search_term_string\"}}],\"inLanguage\":\"en-US\"},{\"@type\":[\"Person\",\"Organization\"],\"@id\":\"https:\\\/\\\/agafrank.pl\\\/#\\\/schema\\\/person\\\/86f157a40daf141245423c681e2f82fc\",\"name\":\"Aga\",\"image\":{\"@type\":\"ImageObject\",\"inLanguage\":\"en-US\",\"@id\":\"https:\\\/\\\/agafrank.pl\\\/wp-content\\\/uploads\\\/2024\\\/08\\\/grafika6.jpg\",\"url\":\"https:\\\/\\\/agafrank.pl\\\/wp-content\\\/uploads\\\/2024\\\/08\\\/grafika6.jpg\",\"contentUrl\":\"https:\\\/\\\/agafrank.pl\\\/wp-content\\\/uploads\\\/2024\\\/08\\\/grafika6.jpg\",\"width\":1772,\"height\":1181,\"caption\":\"Aga\"},\"logo\":{\"@id\":\"https:\\\/\\\/agafrank.pl\\\/wp-content\\\/uploads\\\/2024\\\/08\\\/grafika6.jpg\"},\"sameAs\":[\"http:\\\/\\\/agafrank.pl\",\"www.instagram.com\\\/agafrank\"],\"url\":\"https:\\\/\\\/agafrank.pl\\\/?author=2\"}]}<\/script>\n<!-- \/ Yoast SEO plugin. -->","yoast_head_json":{"title":"Mi\u0119dzynarodowy Dzie\u0144 Wegetarianizmu \u2013 droga ku diecie ro\u015blinnej","description":"Poznaj moj\u0105 histori\u0119 drogi ku diecie ro\u015blinnej z okazji Mi\u0119dzynarodowego Dnia Wegetarianizmu. Dowiedz si\u0119, dlaczego wybra\u0142am weganizm","robots":{"index":"index","follow":"follow","max-snippet":"max-snippet:-1","max-image-preview":"max-image-preview:large","max-video-preview":"max-video-preview:-1"},"canonical":"https:\/\/agafrank.pl\/?p=197","og_locale":"en_US","og_type":"article","og_title":"Mi\u0119dzynarodowy Dzie\u0144 Wegetarianizmu \u2013 droga ku diecie ro\u015blinnej","og_description":"Poznaj moj\u0105 histori\u0119 drogi ku diecie ro\u015blinnej z okazji Mi\u0119dzynarodowego Dnia Wegetarianizmu. Dowiedz si\u0119, dlaczego wybra\u0142am weganizm","og_url":"https:\/\/agafrank.pl\/?p=197","og_site_name":"Aga Frank","article_published_time":"2024-10-01T07:37:34+00:00","article_modified_time":"2024-10-01T07:52:20+00:00","og_image":[{"width":1772,"height":1181,"url":"https:\/\/agafrank.pl\/wp-content\/uploads\/2024\/10\/grafika23.jpg","type":"image\/jpeg"}],"author":"Aga","twitter_card":"summary_large_image","twitter_misc":{"Written by":"Aga","Est. reading time":"3 minutes"},"schema":{"@context":"https:\/\/schema.org","@graph":[{"@type":"Article","@id":"https:\/\/agafrank.pl\/?p=197#article","isPartOf":{"@id":"https:\/\/agafrank.pl\/?p=197"},"author":{"name":"Aga","@id":"https:\/\/agafrank.pl\/#\/schema\/person\/86f157a40daf141245423c681e2f82fc"},"headline":"Mi\u0119dzynarodowy Dzie\u0144 Wegetarianizmu \u2013 moja droga ku diecie ro\u015blinnej","datePublished":"2024-10-01T07:37:34+00:00","dateModified":"2024-10-01T07:52:20+00:00","mainEntityOfPage":{"@id":"https:\/\/agafrank.pl\/?p=197"},"wordCount":680,"commentCount":0,"publisher":{"@id":"https:\/\/agafrank.pl\/#\/schema\/person\/86f157a40daf141245423c681e2f82fc"},"image":{"@id":"https:\/\/agafrank.pl\/?p=197#primaryimage"},"thumbnailUrl":"https:\/\/agafrank.pl\/wp-content\/uploads\/2024\/10\/grafika23.jpg","keywords":["Aga Frank","weganizm","wege","wegetarianizm","zwierz\u0119ta"],"articleSection":["O mnie - Aga Frank","Zwierz\u0119ta"],"inLanguage":"en-US","potentialAction":[{"@type":"CommentAction","name":"Comment","target":["https:\/\/agafrank.pl\/?p=197#respond"]}]},{"@type":"WebPage","@id":"https:\/\/agafrank.pl\/?p=197","url":"https:\/\/agafrank.pl\/?p=197","name":"Mi\u0119dzynarodowy Dzie\u0144 Wegetarianizmu \u2013 droga ku diecie ro\u015blinnej","isPartOf":{"@id":"https:\/\/agafrank.pl\/#website"},"primaryImageOfPage":{"@id":"https:\/\/agafrank.pl\/?p=197#primaryimage"},"image":{"@id":"https:\/\/agafrank.pl\/?p=197#primaryimage"},"thumbnailUrl":"https:\/\/agafrank.pl\/wp-content\/uploads\/2024\/10\/grafika23.jpg","datePublished":"2024-10-01T07:37:34+00:00","dateModified":"2024-10-01T07:52:20+00:00","description":"Poznaj moj\u0105 histori\u0119 drogi ku diecie ro\u015blinnej z okazji Mi\u0119dzynarodowego Dnia Wegetarianizmu. Dowiedz si\u0119, dlaczego wybra\u0142am weganizm","breadcrumb":{"@id":"https:\/\/agafrank.pl\/?p=197#breadcrumb"},"inLanguage":"en-US","potentialAction":[{"@type":"ReadAction","target":["https:\/\/agafrank.pl\/?p=197"]}]},{"@type":"ImageObject","inLanguage":"en-US","@id":"https:\/\/agafrank.pl\/?p=197#primaryimage","url":"https:\/\/agafrank.pl\/wp-content\/uploads\/2024\/10\/grafika23.jpg","contentUrl":"https:\/\/agafrank.pl\/wp-content\/uploads\/2024\/10\/grafika23.jpg","width":1772,"height":1181,"caption":"Mi\u0119dzynarodowy Dzie\u0144 Wegetarianizmu \u2013 historia mojego przej\u015bcia na weganizm"},{"@type":"BreadcrumbList","@id":"https:\/\/agafrank.pl\/?p=197#breadcrumb","itemListElement":[{"@type":"ListItem","position":1,"name":"Home","item":"https:\/\/agafrank.pl\/"},{"@type":"ListItem","position":2,"name":"Mi\u0119dzynarodowy Dzie\u0144 Wegetarianizmu \u2013 moja droga ku diecie ro\u015blinnej"}]},{"@type":"WebSite","@id":"https:\/\/agafrank.pl\/#website","url":"https:\/\/agafrank.pl\/","name":"Aga Frank","description":"Pisz\u0119, bo lubi\u0119...","publisher":{"@id":"https:\/\/agafrank.pl\/#\/schema\/person\/86f157a40daf141245423c681e2f82fc"},"potentialAction":[{"@type":"SearchAction","target":{"@type":"EntryPoint","urlTemplate":"https:\/\/agafrank.pl\/?s={search_term_string}"},"query-input":{"@type":"PropertyValueSpecification","valueRequired":true,"valueName":"search_term_string"}}],"inLanguage":"en-US"},{"@type":["Person","Organization"],"@id":"https:\/\/agafrank.pl\/#\/schema\/person\/86f157a40daf141245423c681e2f82fc","name":"Aga","image":{"@type":"ImageObject","inLanguage":"en-US","@id":"https:\/\/agafrank.pl\/wp-content\/uploads\/2024\/08\/grafika6.jpg","url":"https:\/\/agafrank.pl\/wp-content\/uploads\/2024\/08\/grafika6.jpg","contentUrl":"https:\/\/agafrank.pl\/wp-content\/uploads\/2024\/08\/grafika6.jpg","width":1772,"height":1181,"caption":"Aga"},"logo":{"@id":"https:\/\/agafrank.pl\/wp-content\/uploads\/2024\/08\/grafika6.jpg"},"sameAs":["http:\/\/agafrank.pl","www.instagram.com\/agafrank"],"url":"https:\/\/agafrank.pl\/?author=2"}]}},"_links":{"self":[{"href":"https:\/\/agafrank.pl\/index.php?rest_route=\/wp\/v2\/posts\/197","targetHints":{"allow":["GET"]}}],"collection":[{"href":"https:\/\/agafrank.pl\/index.php?rest_route=\/wp\/v2\/posts"}],"about":[{"href":"https:\/\/agafrank.pl\/index.php?rest_route=\/wp\/v2\/types\/post"}],"author":[{"embeddable":true,"href":"https:\/\/agafrank.pl\/index.php?rest_route=\/wp\/v2\/users\/2"}],"replies":[{"embeddable":true,"href":"https:\/\/agafrank.pl\/index.php?rest_route=%2Fwp%2Fv2%2Fcomments&post=197"}],"version-history":[{"count":1,"href":"https:\/\/agafrank.pl\/index.php?rest_route=\/wp\/v2\/posts\/197\/revisions"}],"predecessor-version":[{"id":199,"href":"https:\/\/agafrank.pl\/index.php?rest_route=\/wp\/v2\/posts\/197\/revisions\/199"}],"wp:featuredmedia":[{"embeddable":true,"href":"https:\/\/agafrank.pl\/index.php?rest_route=\/wp\/v2\/media\/198"}],"wp:attachment":[{"href":"https:\/\/agafrank.pl\/index.php?rest_route=%2Fwp%2Fv2%2Fmedia&parent=197"}],"wp:term":[{"taxonomy":"category","embeddable":true,"href":"https:\/\/agafrank.pl\/index.php?rest_route=%2Fwp%2Fv2%2Fcategories&post=197"},{"taxonomy":"post_tag","embeddable":true,"href":"https:\/\/agafrank.pl\/index.php?rest_route=%2Fwp%2Fv2%2Ftags&post=197"}],"curies":[{"name":"wp","href":"https:\/\/api.w.org\/{rel}","templated":true}]}}